{"id":49057,"date":"2018-03-22T11:19:31","date_gmt":"2018-03-22T10:19:31","guid":{"rendered":"http:\/\/boto.home.pl\/boto_www\/?p=49057"},"modified":"2018-03-23T12:09:13","modified_gmt":"2018-03-23T11:09:13","slug":"olbrzym-i-kurdupel-koncert","status":"publish","type":"post","link":"https:\/\/boto.art.pl\/index.php\/2018\/03\/22\/olbrzym-i-kurdupel-koncert\/","title":{"rendered":"Olbrzym i kurdupel \/\/ koncert"},"content":{"rendered":"<p>[et_pb_section bb_built=&#8221;1&#8243; admin_label=&#8221;Du\u017ce zdj\u0119cie&#8221; _builder_version=&#8221;3.0.93&#8243; background_image=&#8221;http:\/\/boto.home.pl\/boto_www\/wp-content\/uploads\/2018\/03\/olbrzym.jpg&#8221; custom_margin=&#8221;|||&#8221; custom_padding=&#8221;0px|0px|134px|0px&#8221;][et_pb_row custom_padding=&#8221;21px|0px|4px|50px&#8221; _builder_version=&#8221;3.0.93&#8243;][et_pb_column type=&#8221;4_4&#8243;][et_pb_text admin_label=&#8221;Tytu\u0142&#8221; _builder_version=&#8221;3.0.93&#8243; custom_padding=&#8221;200px|||&#8221; background_layout=&#8221;dark&#8221;]<\/p>\n<h1 class=\"post-title\"><strong>Olbrzym i\u00a0kurdupel \/\/ koncert <\/strong><\/h1>\n<p>[\/et_pb_text][et_pb_text admin_label=&#8221;Data&#8221; _builder_version=&#8221;3.0.93&#8243; background_layout=&#8221;dark&#8221;]<\/p>\n<h1>10 lutego, 21.00<\/h1>\n<p>[\/et_pb_text][\/et_pb_column][\/et_pb_row][\/et_pb_section][et_pb_section bb_built=&#8221;1&#8243; _builder_version=&#8221;3.0.93&#8243; custom_margin=&#8221;0px|||&#8221; custom_padding=&#8221;0px|0px|0px|0px&#8221;][et_pb_row custom_padding=&#8221;80px|0px|27px|47px&#8221; _builder_version=&#8221;3.0.93&#8243; background_size=&#8221;initial&#8221; background_position=&#8221;top_left&#8221; background_repeat=&#8221;repeat&#8221;][et_pb_column type=&#8221;2_3&#8243;][et_pb_text admin_label=&#8221;Tekst w\u0142a\u015bciwy&#8221; _builder_version=&#8221;3.0.93&#8243; background_layout=&#8221;light&#8221;]<\/p>\n<p>Jak brzmi swobodna improwizacja po\u00a0przesz\u0142o dekadzie nieprzerwanej wsp\u00f3lnej pracy i\u00a0koncertowania?<\/p>\n<p>Zapraszamy na\u00a0koncert duetu, kt\u00f3ry\u00a0w\u00a0swoim dorobku artystycznym posiada 5 p\u0142yt, niezliczone recenzje w\u00a0kraju i\u00a0poza jego granicami oraz\u00a0setki koncert\u00f3w klubowych.<\/p>\n<p>***<br \/>\n<strong>Olbrzym i\u00a0kurdupe<\/strong>l \u2013 to\u00a0duet improwizator\u00f3w,\u00a0<a href=\"https:\/\/www.facebook.com\/marcin.bozek.73\" data-hovercard=\"\/ajax\/hovercard\/user.php?id=100003671062902&amp;extragetparams=%7B%22directed_target_id%22%3A1785193825107971%7D\" data-hovercard-prefer-more-content-show=\"1\">Marcin Bo\u017cek<\/a>\u00a0i\u00a0<a href=\"https:\/\/www.facebook.com\/tomek.gadecki\" data-hovercard=\"\/ajax\/hovercard\/user.php?id=100000638533819&amp;extragetparams=%7B%22directed_target_id%22%3A1785193825107971%7D\" data-hovercard-prefer-more-content-show=\"1\">Tomek Gadecki<\/a>.\ufffd Wsp\u00f3lne muzykowanie pozwala im spe\u0142nia\u0107 si\u0119 artystycznie. W\u00a0improwizacji czuj\u0105 si\u0119 wolni i\u00a0nieskr\u0119powani niczym. Ich gra przesycona jest emocjami, kt\u00f3re prowadz\u0105 ich w\u00a0bardzo r\u00f3\u017cne stylistycznie rejony muzyczne. Muzycy od\u00a0samego pocz\u0105tku przyj\u0119li konwencj\u0119 swoich koncert\u00f3w jako spektaklu d\u017awi\u0119ku i\u00a0obrazu. Wsp\u00f3\u0142pracuj\u0105c z\u00a0uznanymi artystami sztuk audiowizualnych Tomek i\u00a0Marcin wyst\u0119puj\u0105 w\u00a0bia\u0142ych kombinezonach na\u00a0kt\u00f3rych wy\u015bwietlane s\u0105 wizualizacje.<\/p>\n<p>***<br \/>\n<a href=\"http:\/\/www.olbrzymikurdupel.pl\/\" target=\"_blank\" rel=\"nofollow noopener\" data-lynx-mode=\"async\" data-lynx-uri=\"https:\/\/l.facebook.com\/l.php?u=http%3A%2F%2Fwww.olbrzymikurdupel.pl%2F&amp;h=ATMogYVmOstyRgiYZ1gi92Qc7Lv79KWSza-BN5w3uvvHhzNGTDszqyNwhhTgDLi1waX0ByYPeawsdXqbafPPvjy0mLpjUU0hALariimeh24O_AmYH5a76UjD_F_8Jsk2UhxV0yNOHlo6K7CWoz7uJdcBo7N-zOz2vMU7AutaTZy9VKICmKjb\">www.olbrzymikurdupel.pl<\/a><\/p>\n<p>[\/et_pb_text][\/et_pb_column][et_pb_column type=&#8221;1_3&#8243;][et_pb_divider color=&#8221;#e0e0e0&#8243; show_divider=&#8221;on&#8221; _builder_version=&#8221;3.0.93&#8243;]<\/p>\n<p>&nbsp;<\/p>\n<p>[\/et_pb_divider][et_pb_testimonial admin_label=&#8221;Bilety &#8211; informacja&#8221; author=&#8221;Bilety online &#8211; przejd\u017a&#8221; url=&#8221;http:\/\/teatrboto.bilety.interticket.pl\/&#8221; url_new_window=&#8221;on&#8221; quote_icon=&#8221;off&#8221; background_layout=&#8221;light&#8221; _builder_version=&#8221;3.0.93&#8243; use_background_color=&#8221;on&#8221; quote_icon_background_color=&#8221;#f5f5f5&#8243;]<\/p>\n<p><strong><span class=\"text_exposed_show\">bilety: 25 z\u0142<\/span><\/strong><\/p>\n<p>[\/et_pb_testimonial][et_pb_divider color=&#8221;#e0e0e0&#8243; show_divider=&#8221;on&#8221; _builder_version=&#8221;3.0.93&#8243;]<\/p>\n<p>&nbsp;<\/p>\n<p>[\/et_pb_divider][et_pb_map address=&#8221;Bohater\u00f3w Monte Cassino 54B, Sopot, Polska&#8221; address_lat=&#8221;54.443947&#8243; address_lng=&#8221;18.567788&#8243; _builder_version=&#8221;3.0.93&#8243;][et_pb_map_pin title=&#8221;Teatr i Baroteka BOTO&#8221; pin_address=&#8221;Bohater\u00f3w Monte Cassino 54B, Sopot, Polska&#8221; pin_address_lat=&#8221;54.443947&#8243; pin_address_lng=&#8221;18.567788&#8243; _builder_version=&#8221;3.0.93&#8243;]<\/p>\n<p>Teatr i Baroteka BOTO<br \/>\nul. Bohater\u00f3w Monte Cassino 54B<br \/>\n81-758 Sopot<\/p>\n<p>[\/et_pb_map_pin][\/et_pb_map][\/et_pb_column][\/et_pb_row][\/et_pb_section]<\/p>\n","protected":false},"excerpt":{"rendered":"<blockquote><p>10 lutego, 21.00<\/p><\/blockquote>\n<p>Zapraszamy na koncert duetu, kt\u00f3ry w swoim dorobku artystycznym posiada 5 p\u0142yt, niezliczone recenzje w kraju i poza jego granicami oraz setki koncert\u00f3w klubowych.<\/p>\n","protected":false},"author":1,"featured_media":49058,"comment_status":"open","ping_status":"open","sticky":false,"template":"","format":"standard","meta":{"_et_pb_use_builder":"on","_et_pb_old_content":"","_et_gb_content_width":"","inline_featured_image":false,"footnotes":""},"categories":[1],"tags":[],"class_list":["post-49057","post","type-post","status-publish","format-standard","has-post-thumbnail","hentry","category-bez-kategorii"],"yoast_head":"<!-- This site is optimized with the Yoast SEO plugin v27.5 - https:\/\/yoast.com\/product\/yoast-seo-wordpress\/ -->\n<title>Olbrzym i kurdupel \/\/ koncert &#8212; Teatr Boto<\/title>\n<meta name=\"robots\" content=\"index, follow, max-snippet:-1, max-image-preview:large, max-video-preview:-1\" \/>\n<link rel=\"canonical\" href=\"https:\/\/boto.art.pl\/index.php\/2018\/03\/22\/olbrzym-i-kurdupel-koncert\/\" \/>\n<meta property=\"og:locale\" content=\"pl_PL\" \/>\n<meta property=\"og:type\" content=\"article\" \/>\n<meta property=\"og:title\" content=\"Olbrzym i kurdupel \/\/ koncert &#8212; Teatr Boto\" \/>\n<meta property=\"og:description\" content=\"10 lutego, 21.00 Zapraszamy na koncert duetu, kt\u00f3ry w swoim dorobku artystycznym posiada 5 p\u0142yt, niezliczone recenzje w kraju i poza jego granicami oraz setki koncert\u00f3w klubowych.\" \/>\n<meta property=\"og:url\" content=\"https:\/\/boto.art.pl\/index.php\/2018\/03\/22\/olbrzym-i-kurdupel-koncert\/\" \/>\n<meta property=\"og:site_name\" content=\"Teatr Boto\" \/>\n<meta property=\"article:publisher\" content=\"https:\/\/www.facebook.com\/teatrboto\" \/>\n<meta property=\"article:published_time\" content=\"2018-03-22T10:19:31+00:00\" \/>\n<meta property=\"article:modified_time\" content=\"2018-03-23T11:09:13+00:00\" \/>\n<meta property=\"og:image\" content=\"https:\/\/boto.art.pl\/wp-content\/uploads\/2018\/03\/olbrzym.jpg\" \/>\n\t<meta property=\"og:image:width\" content=\"2048\" \/>\n\t<meta property=\"og:image:height\" content=\"1365\" \/>\n\t<meta property=\"og:image:type\" content=\"image\/jpeg\" \/>\n<meta name=\"author\" content=\"kajetan_admin\" \/>\n<meta name=\"twitter:card\" content=\"summary_large_image\" \/>\n<meta name=\"twitter:label1\" content=\"Napisane przez\" \/>\n\t<meta name=\"twitter:data1\" content=\"kajetan_admin\" \/>\n\t<meta name=\"twitter:label2\" content=\"Szacowany czas czytania\" \/>\n\t<meta name=\"twitter:data2\" content=\"2 minuty\" \/>\n<script type=\"application\/ld+json\" class=\"yoast-schema-graph\">{\"@context\":\"https:\\\/\\\/schema.org\",\"@graph\":[{\"@type\":\"Article\",\"@id\":\"https:\\\/\\\/boto.art.pl\\\/index.php\\\/2018\\\/03\\\/22\\\/olbrzym-i-kurdupel-koncert\\\/#article\",\"isPartOf\":{\"@id\":\"https:\\\/\\\/boto.art.pl\\\/index.php\\\/2018\\\/03\\\/22\\\/olbrzym-i-kurdupel-koncert\\\/\"},\"author\":{\"name\":\"kajetan_admin\",\"@id\":\"https:\\\/\\\/boto.art.pl\\\/#\\\/schema\\\/person\\\/81cbe4910819a380e358597dc495d31d\"},\"headline\":\"Olbrzym i kurdupel \\\/\\\/ koncert\",\"datePublished\":\"2018-03-22T10:19:31+00:00\",\"dateModified\":\"2018-03-23T11:09:13+00:00\",\"mainEntityOfPage\":{\"@id\":\"https:\\\/\\\/boto.art.pl\\\/index.php\\\/2018\\\/03\\\/22\\\/olbrzym-i-kurdupel-koncert\\\/\"},\"wordCount\":444,\"commentCount\":0,\"publisher\":{\"@id\":\"https:\\\/\\\/boto.art.pl\\\/#organization\"},\"image\":{\"@id\":\"https:\\\/\\\/boto.art.pl\\\/index.php\\\/2018\\\/03\\\/22\\\/olbrzym-i-kurdupel-koncert\\\/#primaryimage\"},\"thumbnailUrl\":\"https:\\\/\\\/boto.art.pl\\\/wp-content\\\/uploads\\\/2018\\\/03\\\/olbrzym.jpg\",\"inLanguage\":\"pl-PL\",\"potentialAction\":[{\"@type\":\"CommentAction\",\"name\":\"Comment\",\"target\":[\"https:\\\/\\\/boto.art.pl\\\/index.php\\\/2018\\\/03\\\/22\\\/olbrzym-i-kurdupel-koncert\\\/#respond\"]}]},{\"@type\":\"WebPage\",\"@id\":\"https:\\\/\\\/boto.art.pl\\\/index.php\\\/2018\\\/03\\\/22\\\/olbrzym-i-kurdupel-koncert\\\/\",\"url\":\"https:\\\/\\\/boto.art.pl\\\/index.php\\\/2018\\\/03\\\/22\\\/olbrzym-i-kurdupel-koncert\\\/\",\"name\":\"Olbrzym i kurdupel \\\/\\\/ koncert &#8212; Teatr Boto\",\"isPartOf\":{\"@id\":\"https:\\\/\\\/boto.art.pl\\\/#website\"},\"primaryImageOfPage\":{\"@id\":\"https:\\\/\\\/boto.art.pl\\\/index.php\\\/2018\\\/03\\\/22\\\/olbrzym-i-kurdupel-koncert\\\/#primaryimage\"},\"image\":{\"@id\":\"https:\\\/\\\/boto.art.pl\\\/index.php\\\/2018\\\/03\\\/22\\\/olbrzym-i-kurdupel-koncert\\\/#primaryimage\"},\"thumbnailUrl\":\"https:\\\/\\\/boto.art.pl\\\/wp-content\\\/uploads\\\/2018\\\/03\\\/olbrzym.jpg\",\"datePublished\":\"2018-03-22T10:19:31+00:00\",\"dateModified\":\"2018-03-23T11:09:13+00:00\",\"breadcrumb\":{\"@id\":\"https:\\\/\\\/boto.art.pl\\\/index.php\\\/2018\\\/03\\\/22\\\/olbrzym-i-kurdupel-koncert\\\/#breadcrumb\"},\"inLanguage\":\"pl-PL\",\"potentialAction\":[{\"@type\":\"ReadAction\",\"target\":[\"https:\\\/\\\/boto.art.pl\\\/index.php\\\/2018\\\/03\\\/22\\\/olbrzym-i-kurdupel-koncert\\\/\"]}]},{\"@type\":\"ImageObject\",\"inLanguage\":\"pl-PL\",\"@id\":\"https:\\\/\\\/boto.art.pl\\\/index.php\\\/2018\\\/03\\\/22\\\/olbrzym-i-kurdupel-koncert\\\/#primaryimage\",\"url\":\"https:\\\/\\\/boto.art.pl\\\/wp-content\\\/uploads\\\/2018\\\/03\\\/olbrzym.jpg\",\"contentUrl\":\"https:\\\/\\\/boto.art.pl\\\/wp-content\\\/uploads\\\/2018\\\/03\\\/olbrzym.jpg\",\"width\":2048,\"height\":1365},{\"@type\":\"BreadcrumbList\",\"@id\":\"https:\\\/\\\/boto.art.pl\\\/index.php\\\/2018\\\/03\\\/22\\\/olbrzym-i-kurdupel-koncert\\\/#breadcrumb\",\"itemListElement\":[{\"@type\":\"ListItem\",\"position\":1,\"name\":\"Strona g\u0142\u00f3wna\",\"item\":\"https:\\\/\\\/boto.art.pl\\\/\"},{\"@type\":\"ListItem\",\"position\":2,\"name\":\"Olbrzym i kurdupel \\\/\\\/ koncert\"}]},{\"@type\":\"WebSite\",\"@id\":\"https:\\\/\\\/boto.art.pl\\\/#website\",\"url\":\"https:\\\/\\\/boto.art.pl\\\/\",\"name\":\"Teatr Boto\",\"description\":\"\",\"publisher\":{\"@id\":\"https:\\\/\\\/boto.art.pl\\\/#organization\"},\"potentialAction\":[{\"@type\":\"SearchAction\",\"target\":{\"@type\":\"EntryPoint\",\"urlTemplate\":\"https:\\\/\\\/boto.art.pl\\\/?s={search_term_string}\"},\"query-input\":{\"@type\":\"PropertyValueSpecification\",\"valueRequired\":true,\"valueName\":\"search_term_string\"}}],\"inLanguage\":\"pl-PL\"},{\"@type\":\"Organization\",\"@id\":\"https:\\\/\\\/boto.art.pl\\\/#organization\",\"name\":\"Teatr Boto\",\"url\":\"https:\\\/\\\/boto.art.pl\\\/\",\"logo\":{\"@type\":\"ImageObject\",\"inLanguage\":\"pl-PL\",\"@id\":\"https:\\\/\\\/boto.art.pl\\\/#\\\/schema\\\/logo\\\/image\\\/\",\"url\":\"https:\\\/\\\/boto.art.pl\\\/wp-content\\\/uploads\\\/2018\\\/03\\\/logotyp.svg\",\"contentUrl\":\"https:\\\/\\\/boto.art.pl\\\/wp-content\\\/uploads\\\/2018\\\/03\\\/logotyp.svg\",\"width\":1,\"height\":1,\"caption\":\"Teatr Boto\"},\"image\":{\"@id\":\"https:\\\/\\\/boto.art.pl\\\/#\\\/schema\\\/logo\\\/image\\\/\"},\"sameAs\":[\"https:\\\/\\\/www.facebook.com\\\/teatrboto\",\"https:\\\/\\\/www.instagram.com\\\/teatr_boto\\\/\"]},{\"@type\":\"Person\",\"@id\":\"https:\\\/\\\/boto.art.pl\\\/#\\\/schema\\\/person\\\/81cbe4910819a380e358597dc495d31d\",\"name\":\"kajetan_admin\",\"image\":{\"@type\":\"ImageObject\",\"inLanguage\":\"pl-PL\",\"@id\":\"https:\\\/\\\/secure.gravatar.com\\\/avatar\\\/3c2f5bdcaf5434d13a7229fefaaf711854af1f2045a554000ea8b395041b023f?s=96&d=mm&r=g\",\"url\":\"https:\\\/\\\/secure.gravatar.com\\\/avatar\\\/3c2f5bdcaf5434d13a7229fefaaf711854af1f2045a554000ea8b395041b023f?s=96&d=mm&r=g\",\"contentUrl\":\"https:\\\/\\\/secure.gravatar.com\\\/avatar\\\/3c2f5bdcaf5434d13a7229fefaaf711854af1f2045a554000ea8b395041b023f?s=96&d=mm&r=g\",\"caption\":\"kajetan_admin\"},\"url\":\"https:\\\/\\\/boto.art.pl\\\/index.php\\\/author\\\/kajetan_admin\\\/\"}]}<\/script>\n<!-- \/ Yoast SEO plugin. -->","yoast_head_json":{"title":"Olbrzym i kurdupel \/\/ koncert &#8212; Teatr Boto","robots":{"index":"index","follow":"follow","max-snippet":"max-snippet:-1","max-image-preview":"max-image-preview:large","max-video-preview":"max-video-preview:-1"},"canonical":"https:\/\/boto.art.pl\/index.php\/2018\/03\/22\/olbrzym-i-kurdupel-koncert\/","og_locale":"pl_PL","og_type":"article","og_title":"Olbrzym i kurdupel \/\/ koncert &#8212; Teatr Boto","og_description":"10 lutego, 21.00 Zapraszamy na koncert duetu, kt\u00f3ry w swoim dorobku artystycznym posiada 5 p\u0142yt, niezliczone recenzje w kraju i poza jego granicami oraz setki koncert\u00f3w klubowych.","og_url":"https:\/\/boto.art.pl\/index.php\/2018\/03\/22\/olbrzym-i-kurdupel-koncert\/","og_site_name":"Teatr Boto","article_publisher":"https:\/\/www.facebook.com\/teatrboto","article_published_time":"2018-03-22T10:19:31+00:00","article_modified_time":"2018-03-23T11:09:13+00:00","og_image":[{"width":2048,"height":1365,"url":"https:\/\/boto.art.pl\/wp-content\/uploads\/2018\/03\/olbrzym.jpg","type":"image\/jpeg"}],"author":"kajetan_admin","twitter_card":"summary_large_image","twitter_misc":{"Napisane przez":"kajetan_admin","Szacowany czas czytania":"2 minuty"},"schema":{"@context":"https:\/\/schema.org","@graph":[{"@type":"Article","@id":"https:\/\/boto.art.pl\/index.php\/2018\/03\/22\/olbrzym-i-kurdupel-koncert\/#article","isPartOf":{"@id":"https:\/\/boto.art.pl\/index.php\/2018\/03\/22\/olbrzym-i-kurdupel-koncert\/"},"author":{"name":"kajetan_admin","@id":"https:\/\/boto.art.pl\/#\/schema\/person\/81cbe4910819a380e358597dc495d31d"},"headline":"Olbrzym i kurdupel \/\/ koncert","datePublished":"2018-03-22T10:19:31+00:00","dateModified":"2018-03-23T11:09:13+00:00","mainEntityOfPage":{"@id":"https:\/\/boto.art.pl\/index.php\/2018\/03\/22\/olbrzym-i-kurdupel-koncert\/"},"wordCount":444,"commentCount":0,"publisher":{"@id":"https:\/\/boto.art.pl\/#organization"},"image":{"@id":"https:\/\/boto.art.pl\/index.php\/2018\/03\/22\/olbrzym-i-kurdupel-koncert\/#primaryimage"},"thumbnailUrl":"https:\/\/boto.art.pl\/wp-content\/uploads\/2018\/03\/olbrzym.jpg","inLanguage":"pl-PL","potentialAction":[{"@type":"CommentAction","name":"Comment","target":["https:\/\/boto.art.pl\/index.php\/2018\/03\/22\/olbrzym-i-kurdupel-koncert\/#respond"]}]},{"@type":"WebPage","@id":"https:\/\/boto.art.pl\/index.php\/2018\/03\/22\/olbrzym-i-kurdupel-koncert\/","url":"https:\/\/boto.art.pl\/index.php\/2018\/03\/22\/olbrzym-i-kurdupel-koncert\/","name":"Olbrzym i kurdupel \/\/ koncert &#8212; Teatr Boto","isPartOf":{"@id":"https:\/\/boto.art.pl\/#website"},"primaryImageOfPage":{"@id":"https:\/\/boto.art.pl\/index.php\/2018\/03\/22\/olbrzym-i-kurdupel-koncert\/#primaryimage"},"image":{"@id":"https:\/\/boto.art.pl\/index.php\/2018\/03\/22\/olbrzym-i-kurdupel-koncert\/#primaryimage"},"thumbnailUrl":"https:\/\/boto.art.pl\/wp-content\/uploads\/2018\/03\/olbrzym.jpg","datePublished":"2018-03-22T10:19:31+00:00","dateModified":"2018-03-23T11:09:13+00:00","breadcrumb":{"@id":"https:\/\/boto.art.pl\/index.php\/2018\/03\/22\/olbrzym-i-kurdupel-koncert\/#breadcrumb"},"inLanguage":"pl-PL","potentialAction":[{"@type":"ReadAction","target":["https:\/\/boto.art.pl\/index.php\/2018\/03\/22\/olbrzym-i-kurdupel-koncert\/"]}]},{"@type":"ImageObject","inLanguage":"pl-PL","@id":"https:\/\/boto.art.pl\/index.php\/2018\/03\/22\/olbrzym-i-kurdupel-koncert\/#primaryimage","url":"https:\/\/boto.art.pl\/wp-content\/uploads\/2018\/03\/olbrzym.jpg","contentUrl":"https:\/\/boto.art.pl\/wp-content\/uploads\/2018\/03\/olbrzym.jpg","width":2048,"height":1365},{"@type":"BreadcrumbList","@id":"https:\/\/boto.art.pl\/index.php\/2018\/03\/22\/olbrzym-i-kurdupel-koncert\/#breadcrumb","itemListElement":[{"@type":"ListItem","position":1,"name":"Strona g\u0142\u00f3wna","item":"https:\/\/boto.art.pl\/"},{"@type":"ListItem","position":2,"name":"Olbrzym i kurdupel \/\/ koncert"}]},{"@type":"WebSite","@id":"https:\/\/boto.art.pl\/#website","url":"https:\/\/boto.art.pl\/","name":"Teatr Boto","description":"","publisher":{"@id":"https:\/\/boto.art.pl\/#organization"},"potentialAction":[{"@type":"SearchAction","target":{"@type":"EntryPoint","urlTemplate":"https:\/\/boto.art.pl\/?s={search_term_string}"},"query-input":{"@type":"PropertyValueSpecification","valueRequired":true,"valueName":"search_term_string"}}],"inLanguage":"pl-PL"},{"@type":"Organization","@id":"https:\/\/boto.art.pl\/#organization","name":"Teatr Boto","url":"https:\/\/boto.art.pl\/","logo":{"@type":"ImageObject","inLanguage":"pl-PL","@id":"https:\/\/boto.art.pl\/#\/schema\/logo\/image\/","url":"https:\/\/boto.art.pl\/wp-content\/uploads\/2018\/03\/logotyp.svg","contentUrl":"https:\/\/boto.art.pl\/wp-content\/uploads\/2018\/03\/logotyp.svg","width":1,"height":1,"caption":"Teatr Boto"},"image":{"@id":"https:\/\/boto.art.pl\/#\/schema\/logo\/image\/"},"sameAs":["https:\/\/www.facebook.com\/teatrboto","https:\/\/www.instagram.com\/teatr_boto\/"]},{"@type":"Person","@id":"https:\/\/boto.art.pl\/#\/schema\/person\/81cbe4910819a380e358597dc495d31d","name":"kajetan_admin","image":{"@type":"ImageObject","inLanguage":"pl-PL","@id":"https:\/\/secure.gravatar.com\/avatar\/3c2f5bdcaf5434d13a7229fefaaf711854af1f2045a554000ea8b395041b023f?s=96&d=mm&r=g","url":"https:\/\/secure.gravatar.com\/avatar\/3c2f5bdcaf5434d13a7229fefaaf711854af1f2045a554000ea8b395041b023f?s=96&d=mm&r=g","contentUrl":"https:\/\/secure.gravatar.com\/avatar\/3c2f5bdcaf5434d13a7229fefaaf711854af1f2045a554000ea8b395041b023f?s=96&d=mm&r=g","caption":"kajetan_admin"},"url":"https:\/\/boto.art.pl\/index.php\/author\/kajetan_admin\/"}]}},"_links":{"self":[{"href":"https:\/\/boto.art.pl\/index.php\/wp-json\/wp\/v2\/posts\/49057","targetHints":{"allow":["GET"]}}],"collection":[{"href":"https:\/\/boto.art.pl\/index.php\/wp-json\/wp\/v2\/posts"}],"about":[{"href":"https:\/\/boto.art.pl\/index.php\/wp-json\/wp\/v2\/types\/post"}],"author":[{"embeddable":true,"href":"https:\/\/boto.art.pl\/index.php\/wp-json\/wp\/v2\/users\/1"}],"replies":[{"embeddable":true,"href":"https:\/\/boto.art.pl\/index.php\/wp-json\/wp\/v2\/comments?post=49057"}],"version-history":[{"count":3,"href":"https:\/\/boto.art.pl\/index.php\/wp-json\/wp\/v2\/posts\/49057\/revisions"}],"predecessor-version":[{"id":49266,"href":"https:\/\/boto.art.pl\/index.php\/wp-json\/wp\/v2\/posts\/49057\/revisions\/49266"}],"wp:featuredmedia":[{"embeddable":true,"href":"https:\/\/boto.art.pl\/index.php\/wp-json\/wp\/v2\/media\/49058"}],"wp:attachment":[{"href":"https:\/\/boto.art.pl\/index.php\/wp-json\/wp\/v2\/media?parent=49057"}],"wp:term":[{"taxonomy":"category","embeddable":true,"href":"https:\/\/boto.art.pl\/index.php\/wp-json\/wp\/v2\/categories?post=49057"},{"taxonomy":"post_tag","embeddable":true,"href":"https:\/\/boto.art.pl\/index.php\/wp-json\/wp\/v2\/tags?post=49057"}],"curies":[{"name":"wp","href":"https:\/\/api.w.org\/{rel}","templated":true}]}}