{"id":49096,"date":"2018-03-22T12:26:41","date_gmt":"2018-03-22T11:26:41","guid":{"rendered":"http:\/\/boto.home.pl\/boto_www\/?p=49096"},"modified":"2018-03-23T12:01:56","modified_gmt":"2018-03-23T11:01:56","slug":"joao-de-sousa-koncert","status":"publish","type":"post","link":"https:\/\/boto.art.pl\/index.php\/2018\/03\/22\/joao-de-sousa-koncert\/","title":{"rendered":"Jo\u00e3o de Sousa \/ koncert"},"content":{"rendered":"<p>[et_pb_section fb_built=&#8221;1&#8243; admin_label=&#8221;Du\u017ce zdj\u0119cie&#8221; _builder_version=&#8221;3.0.93&#8243; background_image=&#8221;http:\/\/boto.home.pl\/boto_www\/wp-content\/uploads\/2018\/03\/27331853_800033733540369_3165581255479571442_n.jpg&#8221; parallax=&#8221;on&#8221; custom_margin=&#8221;|||&#8221; custom_padding=&#8221;0px|0px|134px|0px&#8221;][et_pb_row custom_padding=&#8221;21px|0px|4px|50px&#8221; _builder_version=&#8221;3.0.93&#8243;][et_pb_column type=&#8221;4_4&#8243; _builder_version=&#8221;3.0.47&#8243; parallax=&#8221;off&#8221; parallax_method=&#8221;on&#8221;][et_pb_text background_layout=&#8221;dark&#8221; admin_label=&#8221;Tytu\u0142&#8221; _builder_version=&#8221;3.0.93&#8243; text_font=&#8221;|700||on|||||&#8221; text_font_size=&#8221;34px&#8221; custom_padding=&#8221;200px|||&#8221;]Jo\u00e3o de Sousa \/ koncert<br \/>\n[\/et_pb_text][et_pb_text background_layout=&#8221;dark&#8221; admin_label=&#8221;Data&#8221; _builder_version=&#8221;3.0.93&#8243; text_font=&#8221;|||on|||||&#8221; text_font_size=&#8221;30px&#8221;]23 lutego, 21.00<br \/>\n[\/et_pb_text][\/et_pb_column][\/et_pb_row][\/et_pb_section][et_pb_section fb_built=&#8221;1&#8243; _builder_version=&#8221;3.0.93&#8243; custom_margin=&#8221;0px|||&#8221; custom_padding=&#8221;0px|0px|0px|0px&#8221;][et_pb_row custom_padding=&#8221;80px|0px|27px|47px&#8221; _builder_version=&#8221;3.0.93&#8243; background_size=&#8221;initial&#8221; background_position=&#8221;top_left&#8221; background_repeat=&#8221;repeat&#8221;][et_pb_column type=&#8221;2_3&#8243; _builder_version=&#8221;3.0.47&#8243; parallax=&#8221;off&#8221; parallax_method=&#8221;on&#8221;][et_pb_text admin_label=&#8221;Tekst w\u0142a\u015bciwy&#8221; _builder_version=&#8221;3.0.93&#8243;]Jo\u00e3o de Sousa jest artyst\u0105 znanym i\u00a0cenionym na\u00a0polskiej scenie muzycznej. Projekty Portugalczyka wynikaj\u0105 z\u00a0jego luzofo\u0144skich korzeni, ale\u00a0te\u017c fascynacji r\u00f3\u017cnorodnymi gatunkami muzyki, w\u00a0tym world music oraz\u00a0jazzem.<\/p>\n<p>Prze\u0142omem w\u00a0karierze Jo\u00e3o by\u0142 moment, gdy\u00a0otrzyma\u0142 zaproszenie od\u00a0Andrzeja Smolika do\u00a0wsp\u00f3\u0142pracy w\u00a0kilku piosenkach do\u00a0nowego albumu. Wkr\u00f3tce p\u0142yta ta uzyska\u0142a status platynowej.<br \/>\nJo\u00e3o wyst\u0119powa\u0142 tak\u017ce z\u00a0zespo\u0142em Mikromusic i\u00a0argenty\u0144skim bandoneonist\u0105 Arielem Ramirezem.<br \/>\nPiosenki Jo\u00e3o znalaz\u0142y si\u0119 na\u00a0radiowej p\u0142ycie RAM Cafe vol. 7 oraz\u00a0w\u00a0albumie Siesta vol. 11 Marcina Kydry\u0144skiego (by\u0142 te\u017c go\u015bciem audycji \u201eSiesta\u201d prowadzonej przez Kydry\u0144skiego w\u00a0radiowej Tr\u00f3jce).<\/p>\n<p>W 2012 roku, przy wsparciu Camo<span class=\"text_exposed_show\">es Institut oraz\u00a0Ambasady Portugalii w\u00a0Polsce, artysta wyda\u0142 sw\u00f3j drugi album \u2013 Jo\u00e3o de Sousa &amp; Fado Polaco. Po\u00a0sukcesie projektu, setkach koncert\u00f3w w\u00a0Polsce, Niemczech i\u00a0Portugalii, przyszed\u0142 czas na\u00a0nowy \u2013 Luta, kt\u00f3rego\u00a0premiera odby\u0142a si\u0119 w\u00a0kwietniu 2016 roku. W\u00a0jedenastu autorskich utworach \u015bpiewanych po\u00a0portugalsku, hiszpa\u0144sku, angielsku i\u00a0polsku po\u0142\u0105czy\u0142 elementy rodzimego fado z\u00a0jazzem, a\u00a0nawet reggae i\u00a0hip-hopem.<br \/>\nW swoim repertuarze ma r\u00f3wnie\u017c klasyk\u0119 polskiej piosenki (Mi\u0142o\u015b\u0107 ci wszystko wybaczy, By\u0142a pogoda, Groszki i\u00a0r\u00f3\u017ce, Nim wstanie dzie\u0144).<\/span><br \/>\n[\/et_pb_text][\/et_pb_column][et_pb_column type=&#8221;1_3&#8243; _builder_version=&#8221;3.0.47&#8243; parallax=&#8221;off&#8221; parallax_method=&#8221;on&#8221;][et_pb_divider color=&#8221;#e0e0e0&#8243; show_divider=&#8221;on&#8221; _builder_version=&#8221;3.0.93&#8243;][\/et_pb_divider][et_pb_testimonial author=&#8221;Bilety online &#8211; przejd\u017a&#8221; url=&#8221;http:\/\/teatrboto.bilety.interticket.pl\/&#8221; url_new_window=&#8221;on&#8221; quote_icon=&#8221;off&#8221; background_layout=&#8221;light&#8221; admin_label=&#8221;Bilety &#8211; informacja&#8221; _builder_version=&#8221;3.0.93&#8243;]<strong><span class=\"text_exposed_show\">bilety: 30 z\u0142<\/span><\/strong><br \/>\n[\/et_pb_testimonial][et_pb_divider color=&#8221;#e0e0e0&#8243; show_divider=&#8221;on&#8221; _builder_version=&#8221;3.0.93&#8243;][\/et_pb_divider][et_pb_map address=&#8221;Bohater\u00f3w Monte Cassino 54B, Sopot, Polska&#8221; address_lat=&#8221;54.443947&#8243; address_lng=&#8221;18.567788&#8243; _builder_version=&#8221;3.0.93&#8243;][et_pb_map_pin title=&#8221;Teatr i Baroteka BOTO&#8221; pin_address=&#8221;Bohater\u00f3w Monte Cassino 54B, Sopot, Polska&#8221; pin_address_lat=&#8221;54.443947&#8243; pin_address_lng=&#8221;18.567788&#8243; _builder_version=&#8221;3.0.93&#8243;]Teatr i Baroteka BOTO<br \/>\nul. Bohater\u00f3w Monte Cassino 54B<br \/>\n81-758 Sopot<br \/>\n[\/et_pb_map_pin][\/et_pb_map][\/et_pb_column][\/et_pb_row][\/et_pb_section][et_pb_section fb_built=&#8221;1&#8243; _builder_version=&#8221;3.0.93&#8243; custom_padding=&#8221;0px|0px|54px|0px&#8221;][et_pb_row make_fullwidth=&#8221;on&#8221; _builder_version=&#8221;3.0.93&#8243; custom_padding=&#8221;27px|0px|0px|0px&#8221;][et_pb_column type=&#8221;4_4&#8243; _builder_version=&#8221;3.0.47&#8243; parallax=&#8221;off&#8221; parallax_method=&#8221;on&#8221;][et_pb_video src=&#8221;https:\/\/youtu.be\/Aq2sgYG8dek&#8221; _builder_version=&#8221;3.0.93&#8243;][\/et_pb_video][\/et_pb_column][\/et_pb_row][et_pb_row _builder_version=&#8221;3.0.93&#8243; make_fullwidth=&#8221;on&#8221; custom_padding=&#8221;69px|0px|27px|0px&#8221;][et_pb_column type=&#8221;4_4&#8243; _builder_version=&#8221;3.0.93&#8243; parallax=&#8221;off&#8221; parallax_method=&#8221;on&#8221;][et_pb_video src=&#8221;https:\/\/youtu.be\/BvVuWnFKMC4&#8243; _builder_version=&#8221;3.0.93&#8243;][\/et_pb_video][\/et_pb_column][\/et_pb_row][\/et_pb_section]<\/p>\n","protected":false},"excerpt":{"rendered":"<blockquote><p>23 lutego, 21.00<\/p><\/blockquote>\n<p>Jo\u00e3o de Sousa jest artyst\u0105 znanym i cenionym na polskiej scenie muzycznej. Projekty Portugalczyka wynikaj\u0105 z jego luzofo\u0144skich korzeni, ale te\u017c fascynacji r\u00f3\u017cnorodnymi gatunkami muzyki, w tym world music oraz jazzem.<\/p>\n","protected":false},"author":1,"featured_media":49097,"comment_status":"closed","ping_status":"closed","sticky":false,"template":"","format":"standard","meta":{"_et_pb_use_builder":"on","_et_pb_old_content":"","_et_gb_content_width":"","inline_featured_image":false,"footnotes":""},"categories":[1],"tags":[],"class_list":["post-49096","post","type-post","status-publish","format-standard","has-post-thumbnail","hentry","category-bez-kategorii"],"yoast_head":"<!-- This site is optimized with the Yoast SEO plugin v27.5 - https:\/\/yoast.com\/product\/yoast-seo-wordpress\/ -->\n<title>Jo\u00e3o de Sousa \/ koncert &#8212; Teatr Boto<\/title>\n<meta name=\"robots\" content=\"index, follow, max-snippet:-1, max-image-preview:large, max-video-preview:-1\" \/>\n<link rel=\"canonical\" href=\"https:\/\/boto.art.pl\/index.php\/2018\/03\/22\/joao-de-sousa-koncert\/\" \/>\n<meta property=\"og:locale\" content=\"pl_PL\" \/>\n<meta property=\"og:type\" content=\"article\" \/>\n<meta property=\"og:title\" content=\"Jo\u00e3o de Sousa \/ koncert &#8212; Teatr Boto\" \/>\n<meta property=\"og:description\" content=\"23 lutego, 21.00 Jo\u00e3o de Sousa jest artyst\u0105 znanym i cenionym na polskiej scenie muzycznej. Projekty Portugalczyka wynikaj\u0105 z jego luzofo\u0144skich korzeni, ale te\u017c fascynacji r\u00f3\u017cnorodnymi gatunkami muzyki, w tym world music oraz jazzem.\" \/>\n<meta property=\"og:url\" content=\"https:\/\/boto.art.pl\/index.php\/2018\/03\/22\/joao-de-sousa-koncert\/\" \/>\n<meta property=\"og:site_name\" content=\"Teatr Boto\" \/>\n<meta property=\"article:publisher\" content=\"https:\/\/www.facebook.com\/teatrboto\" \/>\n<meta property=\"article:published_time\" content=\"2018-03-22T11:26:41+00:00\" \/>\n<meta property=\"article:modified_time\" content=\"2018-03-23T11:01:56+00:00\" \/>\n<meta property=\"og:image\" content=\"https:\/\/boto.art.pl\/wp-content\/uploads\/2018\/03\/27331853_800033733540369_3165581255479571442_n.jpg\" \/>\n\t<meta property=\"og:image:width\" content=\"960\" \/>\n\t<meta property=\"og:image:height\" content=\"640\" \/>\n\t<meta property=\"og:image:type\" content=\"image\/jpeg\" \/>\n<meta name=\"author\" content=\"kajetan_admin\" \/>\n<meta name=\"twitter:card\" content=\"summary_large_image\" \/>\n<meta name=\"twitter:label1\" content=\"Napisane przez\" \/>\n\t<meta name=\"twitter:data1\" content=\"kajetan_admin\" \/>\n\t<meta name=\"twitter:label2\" content=\"Szacowany czas czytania\" \/>\n\t<meta name=\"twitter:data2\" content=\"3 minuty\" \/>\n<script type=\"application\/ld+json\" class=\"yoast-schema-graph\">{\"@context\":\"https:\\\/\\\/schema.org\",\"@graph\":[{\"@type\":\"Article\",\"@id\":\"https:\\\/\\\/boto.art.pl\\\/index.php\\\/2018\\\/03\\\/22\\\/joao-de-sousa-koncert\\\/#article\",\"isPartOf\":{\"@id\":\"https:\\\/\\\/boto.art.pl\\\/index.php\\\/2018\\\/03\\\/22\\\/joao-de-sousa-koncert\\\/\"},\"author\":{\"name\":\"kajetan_admin\",\"@id\":\"https:\\\/\\\/boto.art.pl\\\/#\\\/schema\\\/person\\\/81cbe4910819a380e358597dc495d31d\"},\"headline\":\"Jo\u00e3o de Sousa \\\/ koncert\",\"datePublished\":\"2018-03-22T11:26:41+00:00\",\"dateModified\":\"2018-03-23T11:01:56+00:00\",\"mainEntityOfPage\":{\"@id\":\"https:\\\/\\\/boto.art.pl\\\/index.php\\\/2018\\\/03\\\/22\\\/joao-de-sousa-koncert\\\/\"},\"wordCount\":655,\"publisher\":{\"@id\":\"https:\\\/\\\/boto.art.pl\\\/#organization\"},\"image\":{\"@id\":\"https:\\\/\\\/boto.art.pl\\\/index.php\\\/2018\\\/03\\\/22\\\/joao-de-sousa-koncert\\\/#primaryimage\"},\"thumbnailUrl\":\"https:\\\/\\\/boto.art.pl\\\/wp-content\\\/uploads\\\/2018\\\/03\\\/27331853_800033733540369_3165581255479571442_n.jpg\",\"inLanguage\":\"pl-PL\"},{\"@type\":\"WebPage\",\"@id\":\"https:\\\/\\\/boto.art.pl\\\/index.php\\\/2018\\\/03\\\/22\\\/joao-de-sousa-koncert\\\/\",\"url\":\"https:\\\/\\\/boto.art.pl\\\/index.php\\\/2018\\\/03\\\/22\\\/joao-de-sousa-koncert\\\/\",\"name\":\"Jo\u00e3o de Sousa \\\/ koncert &#8212; Teatr Boto\",\"isPartOf\":{\"@id\":\"https:\\\/\\\/boto.art.pl\\\/#website\"},\"primaryImageOfPage\":{\"@id\":\"https:\\\/\\\/boto.art.pl\\\/index.php\\\/2018\\\/03\\\/22\\\/joao-de-sousa-koncert\\\/#primaryimage\"},\"image\":{\"@id\":\"https:\\\/\\\/boto.art.pl\\\/index.php\\\/2018\\\/03\\\/22\\\/joao-de-sousa-koncert\\\/#primaryimage\"},\"thumbnailUrl\":\"https:\\\/\\\/boto.art.pl\\\/wp-content\\\/uploads\\\/2018\\\/03\\\/27331853_800033733540369_3165581255479571442_n.jpg\",\"datePublished\":\"2018-03-22T11:26:41+00:00\",\"dateModified\":\"2018-03-23T11:01:56+00:00\",\"breadcrumb\":{\"@id\":\"https:\\\/\\\/boto.art.pl\\\/index.php\\\/2018\\\/03\\\/22\\\/joao-de-sousa-koncert\\\/#breadcrumb\"},\"inLanguage\":\"pl-PL\",\"potentialAction\":[{\"@type\":\"ReadAction\",\"target\":[\"https:\\\/\\\/boto.art.pl\\\/index.php\\\/2018\\\/03\\\/22\\\/joao-de-sousa-koncert\\\/\"]}]},{\"@type\":\"ImageObject\",\"inLanguage\":\"pl-PL\",\"@id\":\"https:\\\/\\\/boto.art.pl\\\/index.php\\\/2018\\\/03\\\/22\\\/joao-de-sousa-koncert\\\/#primaryimage\",\"url\":\"https:\\\/\\\/boto.art.pl\\\/wp-content\\\/uploads\\\/2018\\\/03\\\/27331853_800033733540369_3165581255479571442_n.jpg\",\"contentUrl\":\"https:\\\/\\\/boto.art.pl\\\/wp-content\\\/uploads\\\/2018\\\/03\\\/27331853_800033733540369_3165581255479571442_n.jpg\",\"width\":960,\"height\":640},{\"@type\":\"BreadcrumbList\",\"@id\":\"https:\\\/\\\/boto.art.pl\\\/index.php\\\/2018\\\/03\\\/22\\\/joao-de-sousa-koncert\\\/#breadcrumb\",\"itemListElement\":[{\"@type\":\"ListItem\",\"position\":1,\"name\":\"Strona g\u0142\u00f3wna\",\"item\":\"https:\\\/\\\/boto.art.pl\\\/\"},{\"@type\":\"ListItem\",\"position\":2,\"name\":\"Jo\u00e3o de Sousa \\\/ koncert\"}]},{\"@type\":\"WebSite\",\"@id\":\"https:\\\/\\\/boto.art.pl\\\/#website\",\"url\":\"https:\\\/\\\/boto.art.pl\\\/\",\"name\":\"Teatr Boto\",\"description\":\"\",\"publisher\":{\"@id\":\"https:\\\/\\\/boto.art.pl\\\/#organization\"},\"potentialAction\":[{\"@type\":\"SearchAction\",\"target\":{\"@type\":\"EntryPoint\",\"urlTemplate\":\"https:\\\/\\\/boto.art.pl\\\/?s={search_term_string}\"},\"query-input\":{\"@type\":\"PropertyValueSpecification\",\"valueRequired\":true,\"valueName\":\"search_term_string\"}}],\"inLanguage\":\"pl-PL\"},{\"@type\":\"Organization\",\"@id\":\"https:\\\/\\\/boto.art.pl\\\/#organization\",\"name\":\"Teatr Boto\",\"url\":\"https:\\\/\\\/boto.art.pl\\\/\",\"logo\":{\"@type\":\"ImageObject\",\"inLanguage\":\"pl-PL\",\"@id\":\"https:\\\/\\\/boto.art.pl\\\/#\\\/schema\\\/logo\\\/image\\\/\",\"url\":\"https:\\\/\\\/boto.art.pl\\\/wp-content\\\/uploads\\\/2018\\\/03\\\/logotyp.svg\",\"contentUrl\":\"https:\\\/\\\/boto.art.pl\\\/wp-content\\\/uploads\\\/2018\\\/03\\\/logotyp.svg\",\"width\":1,\"height\":1,\"caption\":\"Teatr Boto\"},\"image\":{\"@id\":\"https:\\\/\\\/boto.art.pl\\\/#\\\/schema\\\/logo\\\/image\\\/\"},\"sameAs\":[\"https:\\\/\\\/www.facebook.com\\\/teatrboto\",\"https:\\\/\\\/www.instagram.com\\\/teatr_boto\\\/\"]},{\"@type\":\"Person\",\"@id\":\"https:\\\/\\\/boto.art.pl\\\/#\\\/schema\\\/person\\\/81cbe4910819a380e358597dc495d31d\",\"name\":\"kajetan_admin\",\"image\":{\"@type\":\"ImageObject\",\"inLanguage\":\"pl-PL\",\"@id\":\"https:\\\/\\\/secure.gravatar.com\\\/avatar\\\/3c2f5bdcaf5434d13a7229fefaaf711854af1f2045a554000ea8b395041b023f?s=96&d=mm&r=g\",\"url\":\"https:\\\/\\\/secure.gravatar.com\\\/avatar\\\/3c2f5bdcaf5434d13a7229fefaaf711854af1f2045a554000ea8b395041b023f?s=96&d=mm&r=g\",\"contentUrl\":\"https:\\\/\\\/secure.gravatar.com\\\/avatar\\\/3c2f5bdcaf5434d13a7229fefaaf711854af1f2045a554000ea8b395041b023f?s=96&d=mm&r=g\",\"caption\":\"kajetan_admin\"},\"url\":\"https:\\\/\\\/boto.art.pl\\\/index.php\\\/author\\\/kajetan_admin\\\/\"}]}<\/script>\n<!-- \/ Yoast SEO plugin. -->","yoast_head_json":{"title":"Jo\u00e3o de Sousa \/ koncert &#8212; Teatr Boto","robots":{"index":"index","follow":"follow","max-snippet":"max-snippet:-1","max-image-preview":"max-image-preview:large","max-video-preview":"max-video-preview:-1"},"canonical":"https:\/\/boto.art.pl\/index.php\/2018\/03\/22\/joao-de-sousa-koncert\/","og_locale":"pl_PL","og_type":"article","og_title":"Jo\u00e3o de Sousa \/ koncert &#8212; Teatr Boto","og_description":"23 lutego, 21.00 Jo\u00e3o de Sousa jest artyst\u0105 znanym i cenionym na polskiej scenie muzycznej. Projekty Portugalczyka wynikaj\u0105 z jego luzofo\u0144skich korzeni, ale te\u017c fascynacji r\u00f3\u017cnorodnymi gatunkami muzyki, w tym world music oraz jazzem.","og_url":"https:\/\/boto.art.pl\/index.php\/2018\/03\/22\/joao-de-sousa-koncert\/","og_site_name":"Teatr Boto","article_publisher":"https:\/\/www.facebook.com\/teatrboto","article_published_time":"2018-03-22T11:26:41+00:00","article_modified_time":"2018-03-23T11:01:56+00:00","og_image":[{"width":960,"height":640,"url":"https:\/\/boto.art.pl\/wp-content\/uploads\/2018\/03\/27331853_800033733540369_3165581255479571442_n.jpg","type":"image\/jpeg"}],"author":"kajetan_admin","twitter_card":"summary_large_image","twitter_misc":{"Napisane przez":"kajetan_admin","Szacowany czas czytania":"3 minuty"},"schema":{"@context":"https:\/\/schema.org","@graph":[{"@type":"Article","@id":"https:\/\/boto.art.pl\/index.php\/2018\/03\/22\/joao-de-sousa-koncert\/#article","isPartOf":{"@id":"https:\/\/boto.art.pl\/index.php\/2018\/03\/22\/joao-de-sousa-koncert\/"},"author":{"name":"kajetan_admin","@id":"https:\/\/boto.art.pl\/#\/schema\/person\/81cbe4910819a380e358597dc495d31d"},"headline":"Jo\u00e3o de Sousa \/ koncert","datePublished":"2018-03-22T11:26:41+00:00","dateModified":"2018-03-23T11:01:56+00:00","mainEntityOfPage":{"@id":"https:\/\/boto.art.pl\/index.php\/2018\/03\/22\/joao-de-sousa-koncert\/"},"wordCount":655,"publisher":{"@id":"https:\/\/boto.art.pl\/#organization"},"image":{"@id":"https:\/\/boto.art.pl\/index.php\/2018\/03\/22\/joao-de-sousa-koncert\/#primaryimage"},"thumbnailUrl":"https:\/\/boto.art.pl\/wp-content\/uploads\/2018\/03\/27331853_800033733540369_3165581255479571442_n.jpg","inLanguage":"pl-PL"},{"@type":"WebPage","@id":"https:\/\/boto.art.pl\/index.php\/2018\/03\/22\/joao-de-sousa-koncert\/","url":"https:\/\/boto.art.pl\/index.php\/2018\/03\/22\/joao-de-sousa-koncert\/","name":"Jo\u00e3o de Sousa \/ koncert &#8212; Teatr Boto","isPartOf":{"@id":"https:\/\/boto.art.pl\/#website"},"primaryImageOfPage":{"@id":"https:\/\/boto.art.pl\/index.php\/2018\/03\/22\/joao-de-sousa-koncert\/#primaryimage"},"image":{"@id":"https:\/\/boto.art.pl\/index.php\/2018\/03\/22\/joao-de-sousa-koncert\/#primaryimage"},"thumbnailUrl":"https:\/\/boto.art.pl\/wp-content\/uploads\/2018\/03\/27331853_800033733540369_3165581255479571442_n.jpg","datePublished":"2018-03-22T11:26:41+00:00","dateModified":"2018-03-23T11:01:56+00:00","breadcrumb":{"@id":"https:\/\/boto.art.pl\/index.php\/2018\/03\/22\/joao-de-sousa-koncert\/#breadcrumb"},"inLanguage":"pl-PL","potentialAction":[{"@type":"ReadAction","target":["https:\/\/boto.art.pl\/index.php\/2018\/03\/22\/joao-de-sousa-koncert\/"]}]},{"@type":"ImageObject","inLanguage":"pl-PL","@id":"https:\/\/boto.art.pl\/index.php\/2018\/03\/22\/joao-de-sousa-koncert\/#primaryimage","url":"https:\/\/boto.art.pl\/wp-content\/uploads\/2018\/03\/27331853_800033733540369_3165581255479571442_n.jpg","contentUrl":"https:\/\/boto.art.pl\/wp-content\/uploads\/2018\/03\/27331853_800033733540369_3165581255479571442_n.jpg","width":960,"height":640},{"@type":"BreadcrumbList","@id":"https:\/\/boto.art.pl\/index.php\/2018\/03\/22\/joao-de-sousa-koncert\/#breadcrumb","itemListElement":[{"@type":"ListItem","position":1,"name":"Strona g\u0142\u00f3wna","item":"https:\/\/boto.art.pl\/"},{"@type":"ListItem","position":2,"name":"Jo\u00e3o de Sousa \/ koncert"}]},{"@type":"WebSite","@id":"https:\/\/boto.art.pl\/#website","url":"https:\/\/boto.art.pl\/","name":"Teatr Boto","description":"","publisher":{"@id":"https:\/\/boto.art.pl\/#organization"},"potentialAction":[{"@type":"SearchAction","target":{"@type":"EntryPoint","urlTemplate":"https:\/\/boto.art.pl\/?s={search_term_string}"},"query-input":{"@type":"PropertyValueSpecification","valueRequired":true,"valueName":"search_term_string"}}],"inLanguage":"pl-PL"},{"@type":"Organization","@id":"https:\/\/boto.art.pl\/#organization","name":"Teatr Boto","url":"https:\/\/boto.art.pl\/","logo":{"@type":"ImageObject","inLanguage":"pl-PL","@id":"https:\/\/boto.art.pl\/#\/schema\/logo\/image\/","url":"https:\/\/boto.art.pl\/wp-content\/uploads\/2018\/03\/logotyp.svg","contentUrl":"https:\/\/boto.art.pl\/wp-content\/uploads\/2018\/03\/logotyp.svg","width":1,"height":1,"caption":"Teatr Boto"},"image":{"@id":"https:\/\/boto.art.pl\/#\/schema\/logo\/image\/"},"sameAs":["https:\/\/www.facebook.com\/teatrboto","https:\/\/www.instagram.com\/teatr_boto\/"]},{"@type":"Person","@id":"https:\/\/boto.art.pl\/#\/schema\/person\/81cbe4910819a380e358597dc495d31d","name":"kajetan_admin","image":{"@type":"ImageObject","inLanguage":"pl-PL","@id":"https:\/\/secure.gravatar.com\/avatar\/3c2f5bdcaf5434d13a7229fefaaf711854af1f2045a554000ea8b395041b023f?s=96&d=mm&r=g","url":"https:\/\/secure.gravatar.com\/avatar\/3c2f5bdcaf5434d13a7229fefaaf711854af1f2045a554000ea8b395041b023f?s=96&d=mm&r=g","contentUrl":"https:\/\/secure.gravatar.com\/avatar\/3c2f5bdcaf5434d13a7229fefaaf711854af1f2045a554000ea8b395041b023f?s=96&d=mm&r=g","caption":"kajetan_admin"},"url":"https:\/\/boto.art.pl\/index.php\/author\/kajetan_admin\/"}]}},"_links":{"self":[{"href":"https:\/\/boto.art.pl\/index.php\/wp-json\/wp\/v2\/posts\/49096","targetHints":{"allow":["GET"]}}],"collection":[{"href":"https:\/\/boto.art.pl\/index.php\/wp-json\/wp\/v2\/posts"}],"about":[{"href":"https:\/\/boto.art.pl\/index.php\/wp-json\/wp\/v2\/types\/post"}],"author":[{"embeddable":true,"href":"https:\/\/boto.art.pl\/index.php\/wp-json\/wp\/v2\/users\/1"}],"replies":[{"embeddable":true,"href":"https:\/\/boto.art.pl\/index.php\/wp-json\/wp\/v2\/comments?post=49096"}],"version-history":[{"count":3,"href":"https:\/\/boto.art.pl\/index.php\/wp-json\/wp\/v2\/posts\/49096\/revisions"}],"predecessor-version":[{"id":49257,"href":"https:\/\/boto.art.pl\/index.php\/wp-json\/wp\/v2\/posts\/49096\/revisions\/49257"}],"wp:featuredmedia":[{"embeddable":true,"href":"https:\/\/boto.art.pl\/index.php\/wp-json\/wp\/v2\/media\/49097"}],"wp:attachment":[{"href":"https:\/\/boto.art.pl\/index.php\/wp-json\/wp\/v2\/media?parent=49096"}],"wp:term":[{"taxonomy":"category","embeddable":true,"href":"https:\/\/boto.art.pl\/index.php\/wp-json\/wp\/v2\/categories?post=49096"},{"taxonomy":"post_tag","embeddable":true,"href":"https:\/\/boto.art.pl\/index.php\/wp-json\/wp\/v2\/tags?post=49096"}],"curies":[{"name":"wp","href":"https:\/\/api.w.org\/{rel}","templated":true}]}}