{"id":51843,"date":"2018-06-06T12:08:42","date_gmt":"2018-06-06T10:08:42","guid":{"rendered":"http:\/\/boto.art.pl\/?p=51843"},"modified":"2018-07-07T14:40:01","modified_gmt":"2018-07-07T12:40:01","slug":"dima-gorelik-shachar-elnatan-koncert","status":"publish","type":"post","link":"https:\/\/boto.art.pl\/index.php\/2018\/06\/06\/dima-gorelik-shachar-elnatan-koncert\/","title":{"rendered":"Dima Gorelik &#038; Shachar Elnatan \/ koncert"},"content":{"rendered":"<p>[et_pb_section bb_built=&#8221;1&#8243; admin_label=&#8221;Du\u017ce zdj\u0119cie&#8221; _builder_version=&#8221;3.0.106&#8243; background_image=&#8221;http:\/\/boto.art.pl\/wp-content\/uploads\/2018\/06\/34726140_863933810483694_2699493701243109376_o.jpg&#8221; custom_margin=&#8221;|||&#8221; custom_padding=&#8221;0px|0px|134px|0px&#8221; parallax=&#8221;on&#8221; next_background_color=&#8221;#000000&#8243;][et_pb_row custom_padding=&#8221;21px|0px|4px|50px&#8221; _builder_version=&#8221;3.0.93&#8243;][et_pb_column type=&#8221;4_4&#8243;][et_pb_text admin_label=&#8221;Tytu\u0142&#8221; _builder_version=&#8221;3.0.106&#8243; custom_padding=&#8221;200px|||&#8221; background_layout=&#8221;dark&#8221; text_font=&#8221;|700||on|||||&#8221; text_font_size=&#8221;34px&#8221; text_text_shadow_style=&#8221;preset4&#8243; text_text_shadow_horizontal_length=&#8221;0.07em&#8221; text_text_shadow_color=&#8221;rgba(0,0,0,0.83)&#8221;]<\/p>\n<h1 id=\"seo_h1_tag\" class=\"_5gmx\" data-testid=\"event-permalink-event-name\">Dima Gorelik &amp; Shachar Elnatan \/ koncert<\/h1>\n<p>[\/et_pb_text][et_pb_text admin_label=&#8221;Data&#8221; _builder_version=&#8221;3.0.106&#8243; background_layout=&#8221;dark&#8221; text_font=&#8221;|||on|||||&#8221; text_font_size=&#8221;30px&#8221; text_text_shadow_style=&#8221;preset4&#8243; text_text_shadow_horizontal_length=&#8221;0.07em&#8221; text_text_shadow_color=&#8221;rgba(0,0,0,0.85)&#8221;]<\/p>\n<p>6 lipca, 21.00<\/p>\n<p>[\/et_pb_text][\/et_pb_column][\/et_pb_row][\/et_pb_section][et_pb_section bb_built=&#8221;1&#8243; _builder_version=&#8221;3.0.93&#8243; custom_margin=&#8221;0px|||&#8221; custom_padding=&#8221;0px|0px|0px|0px&#8221; prev_background_color=&#8221;#000000&#8243;][et_pb_row custom_padding=&#8221;80px|0px|27px|47px&#8221; _builder_version=&#8221;3.0.93&#8243; background_size=&#8221;initial&#8221; background_position=&#8221;top_left&#8221; background_repeat=&#8221;repeat&#8221;][et_pb_column type=&#8221;2_3&#8243;][et_pb_text admin_label=&#8221;Tekst w\u0142a\u015bciwy&#8221; _builder_version=&#8221;3.0.106&#8243; background_layout=&#8221;light&#8221;]<\/p>\n<p><strong><a href=\"https:\/\/www.facebook.com\/dimagorelick\/\" target=\"_blank\" rel=\"noopener\">Dima Gorelik<\/a><\/strong><br \/>\nIzraelski gitarzysta, wokalista i kompozytor ethno-jazzowy, dwukrotny laureat nagrody The America-Israel Cultural Foundation, uhonorowany tytu\u0142em Outstanding Musician przez Ministerstwo Kultury Izraela.<br \/>\nZaanga\u017cowany by\u0142 w projekty takich artyst\u00f3w jak m.in. Joey Calderazzo, \u00c9tienne M&#8217;Bapp\u00e9, Louis Sclavis, Clarence Penn, Gary Husband, Anna Maria Jopek, Yasushi Nakamuro, Brad Terry, David Kuckhermann, Zbigniew Namys\u0142owski, Stanis\u0142aw Soyka, Aukso, Vishwa Mohan Bhatt, Janusz Muniak, Joszko Broda, Maciej Obara, Maria Pomianowska, Wojciech Waglewski, Gra\u017cyna Augu\u015bcik i Adam Ba\u0142dych.<\/p>\n<p><strong><a href=\"https:\/\/www.facebook.com\/ShacharElnatanMusic\/\" target=\"_blank\" rel=\"noopener\">Shachar Elnatan<\/a><\/strong><br \/>\nPerkusista i gitarzysta, jeden z najoryginalniejszych artyst\u00f3w rozkwitaj\u0105cej sceny jazzowej w Izraelu. Mimo m\u0142odego wieku (23 lata) wsp\u00f3\u0142pracowa\u0142 z wieloma muzykami \u015bwiatowego formatu, jak Avishai Cohen, Ravi Coltrane, Kellylee Evans, Eli Degibri. Coraz cz\u0119\u015bciej mo\u017cna go us\u0142ysze\u0107 w Nowym Yorku gdzie nawi\u0105za\u0142 wsp\u00f3\u0142prac\u0119 z m\u0142od\u0105 scen\u0105 jazzow\u0105.<\/p>\n<p><iframe loading=\"lazy\" width=\"1080\" height=\"608\" src=\"https:\/\/www.youtube.com\/embed\/CnEfmcBHj-E?feature=oembed\" frameborder=\"0\" allow=\"autoplay; encrypted-media\" allowfullscreen><\/iframe><\/p>\n<p>&nbsp;<\/p>\n<p>[\/et_pb_text][\/et_pb_column][et_pb_column type=&#8221;1_3&#8243;][et_pb_divider color=&#8221;#e0e0e0&#8243; show_divider=&#8221;on&#8221; _builder_version=&#8221;3.0.93&#8243; \/][et_pb_testimonial admin_label=&#8221;Bilety &#8211; informacja&#8221; author=&#8221;Bilety online &#8211; przejd\u017a&#8221; url=&#8221;http:\/\/teatrboto.bilety.interticket.pl\/&#8221; url_new_window=&#8221;on&#8221; quote_icon=&#8221;off&#8221; background_layout=&#8221;light&#8221; _builder_version=&#8221;3.0.106&#8243; use_background_color=&#8221;on&#8221; quote_icon_background_color=&#8221;#f5f5f5&#8243;]<\/p>\n<p><strong><span class=\"text_exposed_show\">Bilety: 30 z\u0142<\/span><\/strong><\/p>\n<p>[\/et_pb_testimonial][et_pb_divider color=&#8221;#e0e0e0&#8243; show_divider=&#8221;on&#8221; _builder_version=&#8221;3.0.93&#8243; \/][et_pb_map address=&#8221;Bohater\u00f3w Monte Cassino 54B, Sopot, Polska&#8221; address_lat=&#8221;54.443947&#8243; address_lng=&#8221;18.567788&#8243; _builder_version=&#8221;3.0.93&#8243;][et_pb_map_pin title=&#8221;Teatr i Baroteka BOTO&#8221; pin_address=&#8221;Bohater\u00f3w Monte Cassino 54B, Sopot, Polska&#8221; pin_address_lat=&#8221;54.443947&#8243; pin_address_lng=&#8221;18.567788&#8243; _builder_version=&#8221;3.0.93&#8243;]<\/p>\n<p>Teatr i Baroteka BOTO<br \/>\nul. Bohater\u00f3w Monte Cassino 54B<br \/>\n81-758 Sopot<\/p>\n<p>[\/et_pb_map_pin][\/et_pb_map][\/et_pb_column][\/et_pb_row][\/et_pb_section]<\/p>\n","protected":false},"excerpt":{"rendered":"<blockquote><p>6 lipca, 21.00<\/p><\/blockquote>\n<p><strong><a href=\"https:\/\/www.facebook.com\/dimagorelick\/\" target=\"_blank\" rel=\"noopener\">Dima Gorelik<\/a><\/strong><br \/>\nIzraelski gitarzysta, wokalista i kompozytor ethno-jazzowy, dwukrotny laureat nagrody The America-Israel Cultural Foundation, uhonorowany tytu\u0142em Outstanding Musician przez Ministerstwo Kultury Izraela.<br \/>\n<strong><a href=\"https:\/\/www.facebook.com\/ShacharElnatanMusic\/\" target=\"_blank\" rel=\"noopener\">Shachar Elnatan<\/a><\/strong><br \/>\nPerkusista i gitarzysta, jeden z najoryginalniejszych artyst\u00f3w rozkwitaj\u0105cej sceny jazzowej w Izraelu.<\/p>\n","protected":false},"author":2,"featured_media":51844,"comment_status":"open","ping_status":"open","sticky":false,"template":"","format":"standard","meta":{"_et_pb_use_builder":"on","_et_pb_old_content":"","_et_gb_content_width":"","inline_featured_image":false,"footnotes":""},"categories":[1],"tags":[],"class_list":["post-51843","post","type-post","status-publish","format-standard","has-post-thumbnail","hentry","category-bez-kategorii"],"yoast_head":"<!-- This site is optimized with the Yoast SEO plugin v27.5 - https:\/\/yoast.com\/product\/yoast-seo-wordpress\/ -->\n<title>Dima Gorelik &amp; Shachar Elnatan \/ koncert &#8212; Teatr Boto<\/title>\n<meta name=\"robots\" content=\"index, follow, max-snippet:-1, max-image-preview:large, max-video-preview:-1\" \/>\n<link rel=\"canonical\" href=\"https:\/\/boto.art.pl\/index.php\/2018\/06\/06\/dima-gorelik-shachar-elnatan-koncert\/\" \/>\n<meta property=\"og:locale\" content=\"pl_PL\" \/>\n<meta property=\"og:type\" content=\"article\" \/>\n<meta property=\"og:title\" content=\"Dima Gorelik &amp; Shachar Elnatan \/ koncert &#8212; Teatr Boto\" \/>\n<meta property=\"og:description\" content=\"6 lipca, 21.00 Dima Gorelik Izraelski gitarzysta, wokalista i kompozytor ethno-jazzowy, dwukrotny laureat nagrody The America-Israel Cultural Foundation, uhonorowany tytu\u0142em Outstanding Musician przez Ministerstwo Kultury Izraela. Shachar Elnatan Perkusista i gitarzysta, jeden z najoryginalniejszych artyst\u00f3w rozkwitaj\u0105cej sceny jazzowej w Izraelu.\" \/>\n<meta property=\"og:url\" content=\"https:\/\/boto.art.pl\/index.php\/2018\/06\/06\/dima-gorelik-shachar-elnatan-koncert\/\" \/>\n<meta property=\"og:site_name\" content=\"Teatr Boto\" \/>\n<meta property=\"article:publisher\" content=\"https:\/\/www.facebook.com\/teatrboto\" \/>\n<meta property=\"article:published_time\" content=\"2018-06-06T10:08:42+00:00\" \/>\n<meta property=\"article:modified_time\" content=\"2018-07-07T12:40:01+00:00\" \/>\n<meta property=\"og:image\" content=\"https:\/\/boto.art.pl\/wp-content\/uploads\/2018\/06\/34726140_863933810483694_2699493701243109376_o.jpg\" \/>\n\t<meta property=\"og:image:width\" content=\"1048\" \/>\n\t<meta property=\"og:image:height\" content=\"507\" \/>\n\t<meta property=\"og:image:type\" content=\"image\/jpeg\" \/>\n<meta name=\"author\" content=\"Boto\" \/>\n<meta name=\"twitter:card\" content=\"summary_large_image\" \/>\n<meta name=\"twitter:label1\" content=\"Napisane przez\" \/>\n\t<meta name=\"twitter:data1\" content=\"Boto\" \/>\n\t<meta name=\"twitter:label2\" content=\"Szacowany czas czytania\" \/>\n\t<meta name=\"twitter:data2\" content=\"3 minuty\" \/>\n<script type=\"application\/ld+json\" class=\"yoast-schema-graph\">{\"@context\":\"https:\\\/\\\/schema.org\",\"@graph\":[{\"@type\":\"Article\",\"@id\":\"https:\\\/\\\/boto.art.pl\\\/index.php\\\/2018\\\/06\\\/06\\\/dima-gorelik-shachar-elnatan-koncert\\\/#article\",\"isPartOf\":{\"@id\":\"https:\\\/\\\/boto.art.pl\\\/index.php\\\/2018\\\/06\\\/06\\\/dima-gorelik-shachar-elnatan-koncert\\\/\"},\"author\":{\"name\":\"Boto\",\"@id\":\"https:\\\/\\\/boto.art.pl\\\/#\\\/schema\\\/person\\\/32351b82314d51e0d0b8554bf8f95b4d\"},\"headline\":\"Dima Gorelik &#038; Shachar Elnatan \\\/ koncert\",\"datePublished\":\"2018-06-06T10:08:42+00:00\",\"dateModified\":\"2018-07-07T12:40:01+00:00\",\"mainEntityOfPage\":{\"@id\":\"https:\\\/\\\/boto.art.pl\\\/index.php\\\/2018\\\/06\\\/06\\\/dima-gorelik-shachar-elnatan-koncert\\\/\"},\"wordCount\":509,\"commentCount\":0,\"publisher\":{\"@id\":\"https:\\\/\\\/boto.art.pl\\\/#organization\"},\"image\":{\"@id\":\"https:\\\/\\\/boto.art.pl\\\/index.php\\\/2018\\\/06\\\/06\\\/dima-gorelik-shachar-elnatan-koncert\\\/#primaryimage\"},\"thumbnailUrl\":\"https:\\\/\\\/boto.art.pl\\\/wp-content\\\/uploads\\\/2018\\\/06\\\/34726140_863933810483694_2699493701243109376_o.jpg\",\"inLanguage\":\"pl-PL\",\"potentialAction\":[{\"@type\":\"CommentAction\",\"name\":\"Comment\",\"target\":[\"https:\\\/\\\/boto.art.pl\\\/index.php\\\/2018\\\/06\\\/06\\\/dima-gorelik-shachar-elnatan-koncert\\\/#respond\"]}]},{\"@type\":\"WebPage\",\"@id\":\"https:\\\/\\\/boto.art.pl\\\/index.php\\\/2018\\\/06\\\/06\\\/dima-gorelik-shachar-elnatan-koncert\\\/\",\"url\":\"https:\\\/\\\/boto.art.pl\\\/index.php\\\/2018\\\/06\\\/06\\\/dima-gorelik-shachar-elnatan-koncert\\\/\",\"name\":\"Dima Gorelik & Shachar Elnatan \\\/ koncert &#8212; Teatr Boto\",\"isPartOf\":{\"@id\":\"https:\\\/\\\/boto.art.pl\\\/#website\"},\"primaryImageOfPage\":{\"@id\":\"https:\\\/\\\/boto.art.pl\\\/index.php\\\/2018\\\/06\\\/06\\\/dima-gorelik-shachar-elnatan-koncert\\\/#primaryimage\"},\"image\":{\"@id\":\"https:\\\/\\\/boto.art.pl\\\/index.php\\\/2018\\\/06\\\/06\\\/dima-gorelik-shachar-elnatan-koncert\\\/#primaryimage\"},\"thumbnailUrl\":\"https:\\\/\\\/boto.art.pl\\\/wp-content\\\/uploads\\\/2018\\\/06\\\/34726140_863933810483694_2699493701243109376_o.jpg\",\"datePublished\":\"2018-06-06T10:08:42+00:00\",\"dateModified\":\"2018-07-07T12:40:01+00:00\",\"breadcrumb\":{\"@id\":\"https:\\\/\\\/boto.art.pl\\\/index.php\\\/2018\\\/06\\\/06\\\/dima-gorelik-shachar-elnatan-koncert\\\/#breadcrumb\"},\"inLanguage\":\"pl-PL\",\"potentialAction\":[{\"@type\":\"ReadAction\",\"target\":[\"https:\\\/\\\/boto.art.pl\\\/index.php\\\/2018\\\/06\\\/06\\\/dima-gorelik-shachar-elnatan-koncert\\\/\"]}]},{\"@type\":\"ImageObject\",\"inLanguage\":\"pl-PL\",\"@id\":\"https:\\\/\\\/boto.art.pl\\\/index.php\\\/2018\\\/06\\\/06\\\/dima-gorelik-shachar-elnatan-koncert\\\/#primaryimage\",\"url\":\"https:\\\/\\\/boto.art.pl\\\/wp-content\\\/uploads\\\/2018\\\/06\\\/34726140_863933810483694_2699493701243109376_o.jpg\",\"contentUrl\":\"https:\\\/\\\/boto.art.pl\\\/wp-content\\\/uploads\\\/2018\\\/06\\\/34726140_863933810483694_2699493701243109376_o.jpg\",\"width\":1048,\"height\":507},{\"@type\":\"BreadcrumbList\",\"@id\":\"https:\\\/\\\/boto.art.pl\\\/index.php\\\/2018\\\/06\\\/06\\\/dima-gorelik-shachar-elnatan-koncert\\\/#breadcrumb\",\"itemListElement\":[{\"@type\":\"ListItem\",\"position\":1,\"name\":\"Strona g\u0142\u00f3wna\",\"item\":\"https:\\\/\\\/boto.art.pl\\\/\"},{\"@type\":\"ListItem\",\"position\":2,\"name\":\"Dima Gorelik &#038; Shachar Elnatan \\\/ koncert\"}]},{\"@type\":\"WebSite\",\"@id\":\"https:\\\/\\\/boto.art.pl\\\/#website\",\"url\":\"https:\\\/\\\/boto.art.pl\\\/\",\"name\":\"Teatr Boto\",\"description\":\"\",\"publisher\":{\"@id\":\"https:\\\/\\\/boto.art.pl\\\/#organization\"},\"potentialAction\":[{\"@type\":\"SearchAction\",\"target\":{\"@type\":\"EntryPoint\",\"urlTemplate\":\"https:\\\/\\\/boto.art.pl\\\/?s={search_term_string}\"},\"query-input\":{\"@type\":\"PropertyValueSpecification\",\"valueRequired\":true,\"valueName\":\"search_term_string\"}}],\"inLanguage\":\"pl-PL\"},{\"@type\":\"Organization\",\"@id\":\"https:\\\/\\\/boto.art.pl\\\/#organization\",\"name\":\"Teatr Boto\",\"url\":\"https:\\\/\\\/boto.art.pl\\\/\",\"logo\":{\"@type\":\"ImageObject\",\"inLanguage\":\"pl-PL\",\"@id\":\"https:\\\/\\\/boto.art.pl\\\/#\\\/schema\\\/logo\\\/image\\\/\",\"url\":\"https:\\\/\\\/boto.art.pl\\\/wp-content\\\/uploads\\\/2018\\\/03\\\/logotyp.svg\",\"contentUrl\":\"https:\\\/\\\/boto.art.pl\\\/wp-content\\\/uploads\\\/2018\\\/03\\\/logotyp.svg\",\"width\":1,\"height\":1,\"caption\":\"Teatr Boto\"},\"image\":{\"@id\":\"https:\\\/\\\/boto.art.pl\\\/#\\\/schema\\\/logo\\\/image\\\/\"},\"sameAs\":[\"https:\\\/\\\/www.facebook.com\\\/teatrboto\",\"https:\\\/\\\/www.instagram.com\\\/teatr_boto\\\/\"]},{\"@type\":\"Person\",\"@id\":\"https:\\\/\\\/boto.art.pl\\\/#\\\/schema\\\/person\\\/32351b82314d51e0d0b8554bf8f95b4d\",\"name\":\"Boto\",\"image\":{\"@type\":\"ImageObject\",\"inLanguage\":\"pl-PL\",\"@id\":\"https:\\\/\\\/secure.gravatar.com\\\/avatar\\\/288f0389e19ee4a77a3bc15d367dc6c3aa38ec351ab562f6ebe60fbcdacabbef?s=96&d=mm&r=g\",\"url\":\"https:\\\/\\\/secure.gravatar.com\\\/avatar\\\/288f0389e19ee4a77a3bc15d367dc6c3aa38ec351ab562f6ebe60fbcdacabbef?s=96&d=mm&r=g\",\"contentUrl\":\"https:\\\/\\\/secure.gravatar.com\\\/avatar\\\/288f0389e19ee4a77a3bc15d367dc6c3aa38ec351ab562f6ebe60fbcdacabbef?s=96&d=mm&r=g\",\"caption\":\"Boto\"},\"url\":\"https:\\\/\\\/boto.art.pl\\\/index.php\\\/author\\\/boto\\\/\"}]}<\/script>\n<!-- \/ Yoast SEO plugin. -->","yoast_head_json":{"title":"Dima Gorelik & Shachar Elnatan \/ koncert &#8212; Teatr Boto","robots":{"index":"index","follow":"follow","max-snippet":"max-snippet:-1","max-image-preview":"max-image-preview:large","max-video-preview":"max-video-preview:-1"},"canonical":"https:\/\/boto.art.pl\/index.php\/2018\/06\/06\/dima-gorelik-shachar-elnatan-koncert\/","og_locale":"pl_PL","og_type":"article","og_title":"Dima Gorelik & Shachar Elnatan \/ koncert &#8212; Teatr Boto","og_description":"6 lipca, 21.00 Dima Gorelik Izraelski gitarzysta, wokalista i kompozytor ethno-jazzowy, dwukrotny laureat nagrody The America-Israel Cultural Foundation, uhonorowany tytu\u0142em Outstanding Musician przez Ministerstwo Kultury Izraela. Shachar Elnatan Perkusista i gitarzysta, jeden z najoryginalniejszych artyst\u00f3w rozkwitaj\u0105cej sceny jazzowej w Izraelu.","og_url":"https:\/\/boto.art.pl\/index.php\/2018\/06\/06\/dima-gorelik-shachar-elnatan-koncert\/","og_site_name":"Teatr Boto","article_publisher":"https:\/\/www.facebook.com\/teatrboto","article_published_time":"2018-06-06T10:08:42+00:00","article_modified_time":"2018-07-07T12:40:01+00:00","og_image":[{"width":1048,"height":507,"url":"https:\/\/boto.art.pl\/wp-content\/uploads\/2018\/06\/34726140_863933810483694_2699493701243109376_o.jpg","type":"image\/jpeg"}],"author":"Boto","twitter_card":"summary_large_image","twitter_misc":{"Napisane przez":"Boto","Szacowany czas czytania":"3 minuty"},"schema":{"@context":"https:\/\/schema.org","@graph":[{"@type":"Article","@id":"https:\/\/boto.art.pl\/index.php\/2018\/06\/06\/dima-gorelik-shachar-elnatan-koncert\/#article","isPartOf":{"@id":"https:\/\/boto.art.pl\/index.php\/2018\/06\/06\/dima-gorelik-shachar-elnatan-koncert\/"},"author":{"name":"Boto","@id":"https:\/\/boto.art.pl\/#\/schema\/person\/32351b82314d51e0d0b8554bf8f95b4d"},"headline":"Dima Gorelik &#038; Shachar Elnatan \/ koncert","datePublished":"2018-06-06T10:08:42+00:00","dateModified":"2018-07-07T12:40:01+00:00","mainEntityOfPage":{"@id":"https:\/\/boto.art.pl\/index.php\/2018\/06\/06\/dima-gorelik-shachar-elnatan-koncert\/"},"wordCount":509,"commentCount":0,"publisher":{"@id":"https:\/\/boto.art.pl\/#organization"},"image":{"@id":"https:\/\/boto.art.pl\/index.php\/2018\/06\/06\/dima-gorelik-shachar-elnatan-koncert\/#primaryimage"},"thumbnailUrl":"https:\/\/boto.art.pl\/wp-content\/uploads\/2018\/06\/34726140_863933810483694_2699493701243109376_o.jpg","inLanguage":"pl-PL","potentialAction":[{"@type":"CommentAction","name":"Comment","target":["https:\/\/boto.art.pl\/index.php\/2018\/06\/06\/dima-gorelik-shachar-elnatan-koncert\/#respond"]}]},{"@type":"WebPage","@id":"https:\/\/boto.art.pl\/index.php\/2018\/06\/06\/dima-gorelik-shachar-elnatan-koncert\/","url":"https:\/\/boto.art.pl\/index.php\/2018\/06\/06\/dima-gorelik-shachar-elnatan-koncert\/","name":"Dima Gorelik & Shachar Elnatan \/ koncert &#8212; Teatr Boto","isPartOf":{"@id":"https:\/\/boto.art.pl\/#website"},"primaryImageOfPage":{"@id":"https:\/\/boto.art.pl\/index.php\/2018\/06\/06\/dima-gorelik-shachar-elnatan-koncert\/#primaryimage"},"image":{"@id":"https:\/\/boto.art.pl\/index.php\/2018\/06\/06\/dima-gorelik-shachar-elnatan-koncert\/#primaryimage"},"thumbnailUrl":"https:\/\/boto.art.pl\/wp-content\/uploads\/2018\/06\/34726140_863933810483694_2699493701243109376_o.jpg","datePublished":"2018-06-06T10:08:42+00:00","dateModified":"2018-07-07T12:40:01+00:00","breadcrumb":{"@id":"https:\/\/boto.art.pl\/index.php\/2018\/06\/06\/dima-gorelik-shachar-elnatan-koncert\/#breadcrumb"},"inLanguage":"pl-PL","potentialAction":[{"@type":"ReadAction","target":["https:\/\/boto.art.pl\/index.php\/2018\/06\/06\/dima-gorelik-shachar-elnatan-koncert\/"]}]},{"@type":"ImageObject","inLanguage":"pl-PL","@id":"https:\/\/boto.art.pl\/index.php\/2018\/06\/06\/dima-gorelik-shachar-elnatan-koncert\/#primaryimage","url":"https:\/\/boto.art.pl\/wp-content\/uploads\/2018\/06\/34726140_863933810483694_2699493701243109376_o.jpg","contentUrl":"https:\/\/boto.art.pl\/wp-content\/uploads\/2018\/06\/34726140_863933810483694_2699493701243109376_o.jpg","width":1048,"height":507},{"@type":"BreadcrumbList","@id":"https:\/\/boto.art.pl\/index.php\/2018\/06\/06\/dima-gorelik-shachar-elnatan-koncert\/#breadcrumb","itemListElement":[{"@type":"ListItem","position":1,"name":"Strona g\u0142\u00f3wna","item":"https:\/\/boto.art.pl\/"},{"@type":"ListItem","position":2,"name":"Dima Gorelik &#038; Shachar Elnatan \/ koncert"}]},{"@type":"WebSite","@id":"https:\/\/boto.art.pl\/#website","url":"https:\/\/boto.art.pl\/","name":"Teatr Boto","description":"","publisher":{"@id":"https:\/\/boto.art.pl\/#organization"},"potentialAction":[{"@type":"SearchAction","target":{"@type":"EntryPoint","urlTemplate":"https:\/\/boto.art.pl\/?s={search_term_string}"},"query-input":{"@type":"PropertyValueSpecification","valueRequired":true,"valueName":"search_term_string"}}],"inLanguage":"pl-PL"},{"@type":"Organization","@id":"https:\/\/boto.art.pl\/#organization","name":"Teatr Boto","url":"https:\/\/boto.art.pl\/","logo":{"@type":"ImageObject","inLanguage":"pl-PL","@id":"https:\/\/boto.art.pl\/#\/schema\/logo\/image\/","url":"https:\/\/boto.art.pl\/wp-content\/uploads\/2018\/03\/logotyp.svg","contentUrl":"https:\/\/boto.art.pl\/wp-content\/uploads\/2018\/03\/logotyp.svg","width":1,"height":1,"caption":"Teatr Boto"},"image":{"@id":"https:\/\/boto.art.pl\/#\/schema\/logo\/image\/"},"sameAs":["https:\/\/www.facebook.com\/teatrboto","https:\/\/www.instagram.com\/teatr_boto\/"]},{"@type":"Person","@id":"https:\/\/boto.art.pl\/#\/schema\/person\/32351b82314d51e0d0b8554bf8f95b4d","name":"Boto","image":{"@type":"ImageObject","inLanguage":"pl-PL","@id":"https:\/\/secure.gravatar.com\/avatar\/288f0389e19ee4a77a3bc15d367dc6c3aa38ec351ab562f6ebe60fbcdacabbef?s=96&d=mm&r=g","url":"https:\/\/secure.gravatar.com\/avatar\/288f0389e19ee4a77a3bc15d367dc6c3aa38ec351ab562f6ebe60fbcdacabbef?s=96&d=mm&r=g","contentUrl":"https:\/\/secure.gravatar.com\/avatar\/288f0389e19ee4a77a3bc15d367dc6c3aa38ec351ab562f6ebe60fbcdacabbef?s=96&d=mm&r=g","caption":"Boto"},"url":"https:\/\/boto.art.pl\/index.php\/author\/boto\/"}]}},"_links":{"self":[{"href":"https:\/\/boto.art.pl\/index.php\/wp-json\/wp\/v2\/posts\/51843","targetHints":{"allow":["GET"]}}],"collection":[{"href":"https:\/\/boto.art.pl\/index.php\/wp-json\/wp\/v2\/posts"}],"about":[{"href":"https:\/\/boto.art.pl\/index.php\/wp-json\/wp\/v2\/types\/post"}],"author":[{"embeddable":true,"href":"https:\/\/boto.art.pl\/index.php\/wp-json\/wp\/v2\/users\/2"}],"replies":[{"embeddable":true,"href":"https:\/\/boto.art.pl\/index.php\/wp-json\/wp\/v2\/comments?post=51843"}],"version-history":[{"count":2,"href":"https:\/\/boto.art.pl\/index.php\/wp-json\/wp\/v2\/posts\/51843\/revisions"}],"predecessor-version":[{"id":51846,"href":"https:\/\/boto.art.pl\/index.php\/wp-json\/wp\/v2\/posts\/51843\/revisions\/51846"}],"wp:featuredmedia":[{"embeddable":true,"href":"https:\/\/boto.art.pl\/index.php\/wp-json\/wp\/v2\/media\/51844"}],"wp:attachment":[{"href":"https:\/\/boto.art.pl\/index.php\/wp-json\/wp\/v2\/media?parent=51843"}],"wp:term":[{"taxonomy":"category","embeddable":true,"href":"https:\/\/boto.art.pl\/index.php\/wp-json\/wp\/v2\/categories?post=51843"},{"taxonomy":"post_tag","embeddable":true,"href":"https:\/\/boto.art.pl\/index.php\/wp-json\/wp\/v2\/tags?post=51843"}],"curies":[{"name":"wp","href":"https:\/\/api.w.org\/{rel}","templated":true}]}}