{"id":51853,"date":"2018-06-06T12:06:19","date_gmt":"2018-06-06T10:06:19","guid":{"rendered":"http:\/\/boto.art.pl\/?p=51853"},"modified":"2018-07-05T12:14:27","modified_gmt":"2018-07-05T10:14:27","slug":"joanna-duda-solo-koncert","status":"publish","type":"post","link":"https:\/\/boto.art.pl\/index.php\/2018\/06\/06\/joanna-duda-solo-koncert\/","title":{"rendered":"Joanna Duda solo \/ koncert"},"content":{"rendered":"<p>[et_pb_section bb_built=&#8221;1&#8243; admin_label=&#8221;Du\u017ce zdj\u0119cie&#8221; _builder_version=&#8221;3.0.106&#8243; background_image=&#8221;http:\/\/boto.art.pl\/wp-content\/uploads\/2018\/06\/35206677_864696033740805_2625472237704052736_o.jpg&#8221; custom_margin=&#8221;|||&#8221; custom_padding=&#8221;0px|0px|134px|0px&#8221; parallax=&#8221;on&#8221; next_background_color=&#8221;#000000&#8243;][et_pb_row custom_padding=&#8221;21px|0px|4px|50px&#8221; _builder_version=&#8221;3.0.93&#8243;][et_pb_column type=&#8221;4_4&#8243;][et_pb_text admin_label=&#8221;Tytu\u0142&#8221; _builder_version=&#8221;3.0.106&#8243; custom_padding=&#8221;200px|||&#8221; background_layout=&#8221;dark&#8221; text_font=&#8221;|700||on|||||&#8221; text_font_size=&#8221;34px&#8221; text_text_shadow_style=&#8221;preset4&#8243; text_text_shadow_horizontal_length=&#8221;0.07em&#8221; text_text_shadow_color=&#8221;rgba(0,0,0,0.83)&#8221;]<\/p>\n<p>Joanna Duda solo \/ koncert<\/p>\n<p>[\/et_pb_text][et_pb_text admin_label=&#8221;Data&#8221; _builder_version=&#8221;3.0.106&#8243; background_layout=&#8221;dark&#8221; text_font=&#8221;|||on|||||&#8221; text_font_size=&#8221;30px&#8221; text_text_shadow_style=&#8221;preset4&#8243; text_text_shadow_horizontal_length=&#8221;0.07em&#8221; text_text_shadow_color=&#8221;rgba(0,0,0,0.85)&#8221;]<\/p>\n<p>4 lipca, 21.00<\/p>\n<p>[\/et_pb_text][\/et_pb_column][\/et_pb_row][\/et_pb_section][et_pb_section bb_built=&#8221;1&#8243; _builder_version=&#8221;3.0.93&#8243; custom_margin=&#8221;0px|||&#8221; custom_padding=&#8221;0px|0px|0px|0px&#8221; prev_background_color=&#8221;#000000&#8243;][et_pb_row custom_padding=&#8221;80px|0px|27px|47px&#8221; _builder_version=&#8221;3.0.93&#8243; background_size=&#8221;initial&#8221; background_position=&#8221;top_left&#8221; background_repeat=&#8221;repeat&#8221;][et_pb_column type=&#8221;2_3&#8243;][et_pb_text admin_label=&#8221;Tekst w\u0142a\u015bciwy&#8221; _builder_version=&#8221;3.0.106&#8243; background_layout=&#8221;light&#8221;]<\/p>\n<p><em>English below<\/em><\/p>\n<p><strong><a href=\"https:\/\/www.facebook.com\/JOANNADUDAOFFICIAL\/\" target=\"_blank\" rel=\"noopener\">Joanna Duda<\/a>\u00a0<\/strong>&#8211; pianistka, kompozytorka, artystka wizualna.<\/p>\n<p>Powo\u0142a\u0142a do \u017cycia mi\u0119dzy innymi J=J (duet z Jankiem M\u0142ynarskim), AuAuA i &#8211; ca\u0142kiem niedawno &#8211; autorskie TRIO (Maks Mucha- kontrabas, Maks Andrzejewski &#8211; b\u0119bny). Od pocz\u0105tku wsp\u00f3\u0142pracuje z Wojtkiem Mazolewskim w jego Kwintecie (platynowa p\u0142yta &#8211; &#8222;Polka&#8221; i z\u0142ota p\u0142yta &#8222;Chaos Pe\u0142en Idei&#8221; w 2017). Wykonuje tak\u017ce wsp\u00f3\u0142czesn\u0105 muzyk\u0119 klasyczn\u0105 z Lutos\u0142awski Piano Duo i Misch\u0105 Koz\u0142owskim (p\u0142yta &#8222;Unchained&#8221; z kompozycjami Juliusa Eastmana wyr\u00f3\u017cniona przez magazyn pizzicato oraz nominowany do International Classical Music Awards 2016).<br \/>\nWielokrotna stypendystka Kulturalnego Miasta Gda\u0144ska, nominowana do wielu nagr\u00f3d, m.in. TVP \u201cGwarancje Kultury\u201d w kategorii \u201cDebiut Roku\u201d oraz do \u201cPlus Grand Prix Jazz Melomani\u201d w kategorii \u201cNadzieja Meloman\u00f3w\u201d.<\/p>\n<p>W tw\u00f3rczo\u015bci solowej artystka porusza si\u0119 na styku elektroniki i akustyki, improwizuj\u0105c w klasyczny spos\u00f3b na fortepianie jak i w\u0142\u0105czaj\u0105c w to oryginalne brzmienia starannie przygotowanych sampli; jednocze\u015bnie nie stroni\u0105c od brzmie\u0144 syntetycznych.<br \/>\nJoanna Duda ma na koncie setki koncert\u00f3w w ods\u0142onach solowych i zespo\u0142owych. Wyst\u0119powa\u0142a mi\u0119dzy innymi w Tokio, Kaliningradzie, Pekinie, Singapurze, Delhi, Szanghaju, Istambule, Bukareszcie, Budapeszcie, Berlinie, Weimarze, Londynie, Dublinie, Oslo, a nawet na Grenlandii. Komponuje i produkuje muzyk\u0119 r\u00f3wnie\u017c do spektakli teatralnych (Krzysztof Garbaczewski, Teatr Amareya, Piotr Borowski).<\/p>\n<p>Muzyka, kt\u00f3r\u0105 Joanna Duda zaprezentuje na koncercie, to elektroniczno &#8211; akustyczna improwizacja na bazie materia\u0142u z jej nadchodz\u0105cej p\u0142yty. B\u0119dzie to mieszanka brzmie\u0144 autorskich sampli, kt\u00f3re Joanna pieczo\u0142owicie gromadzi, uzyskuj\u0105c z nich d\u017awi\u0119kowe kola\u017ce pe\u0142ne odniesie\u0144 do muzyki wsp\u00f3\u0142czesnej, elektroniki, muzyki klasycznej oraz nurtu lo &#8211; fi, okraszone niecodzienn\u0105 pianistyk\u0105.<\/p>\n<p>***<br \/>\n<strong>Joanna Duda<\/strong> (MA\/Poland) &#8211; pianist, composer, visual artist; creator of the projects: J=J, AuAuA, &amp; many more. Member of the hottest Polish jazz band nowadays, Wojtek Mazolewski Quintet (golden plaques in 2015, 2017, platinum plaque 2017). She performs also contemporary classical music with the project for 4 grand pianos with Lutos\u0142awski Piano Duo and Mischa Kozlovsky.<br \/>\nBoth in her individual projects and electronic solo work she uses sounds from her ambience as an initial substance. Samples made out of specific sounds collected with digital recorder is the beginning of making new instrument. The way of filtering the sound with different media leads her to new quality of her style.<br \/>\nJoanna Duda played concerts on international music festivals in cities like Tokyo, Berlin, Paris, Prague, Brussels, Kaliningrad, Vilnius, Minsk, Bratislava, Beijing, Shanghai, Singapore, Delhi, Bangalore, London, Berlin, Budapest, Weimar, Istanbul, &amp; many more.<br \/>\nJoanna also composes music for theatre and performs live with some of them. Together with Amareya Theatre (butoh\/physical\/dance theatre) she performed many times in France, Japan, Russia, Turkey, Germany, Israel and Greenland.<\/p>\n<p>In 2018 Joanna Duda is going to release new\u00ad solo album. She started to work with analogue synths and other objects (as dictaphone for example), which led her into new interesting fields of performing live sounds. She connects there her brilliant piano skills with the spirit of contemporary electronic music as a main layer and intelligence dance music implicitly there. The concert will be electro &#8211; acoustic improvisations based on the compositions taken from the album.<\/p>\n<p>[\/et_pb_text][\/et_pb_column][et_pb_column type=&#8221;1_3&#8243;][et_pb_divider color=&#8221;#e0e0e0&#8243; show_divider=&#8221;on&#8221; _builder_version=&#8221;3.0.93&#8243; \/][et_pb_testimonial admin_label=&#8221;Bilety &#8211; informacja&#8221; author=&#8221;Bilety online &#8211; przejd\u017a&#8221; url=&#8221;http:\/\/teatrboto.bilety.interticket.pl\/&#8221; url_new_window=&#8221;on&#8221; quote_icon=&#8221;off&#8221; background_layout=&#8221;light&#8221; _builder_version=&#8221;3.0.106&#8243; use_background_color=&#8221;on&#8221; quote_icon_background_color=&#8221;#f5f5f5&#8243;]<\/p>\n<p><strong><span class=\"text_exposed_show\">Bilety: 30 z\u0142<\/span><\/strong><\/p>\n<p>[\/et_pb_testimonial][et_pb_divider color=&#8221;#e0e0e0&#8243; show_divider=&#8221;on&#8221; _builder_version=&#8221;3.0.93&#8243; \/][et_pb_map address=&#8221;Bohater\u00f3w Monte Cassino 54B, Sopot, Polska&#8221; address_lat=&#8221;54.443947&#8243; address_lng=&#8221;18.567788&#8243; _builder_version=&#8221;3.0.93&#8243;][et_pb_map_pin title=&#8221;Teatr i Baroteka BOTO&#8221; pin_address=&#8221;Bohater\u00f3w Monte Cassino 54B, Sopot, Polska&#8221; pin_address_lat=&#8221;54.443947&#8243; pin_address_lng=&#8221;18.567788&#8243; _builder_version=&#8221;3.0.93&#8243;]<\/p>\n<p>Teatr i Baroteka BOTO<br \/>\nul. Bohater\u00f3w Monte Cassino 54B<br \/>\n81-758 Sopot<\/p>\n<p>[\/et_pb_map_pin][\/et_pb_map][\/et_pb_column][\/et_pb_row][\/et_pb_section]<\/p>\n","protected":false},"excerpt":{"rendered":"<blockquote><p>4 lipca, 21.00<\/p><\/blockquote>\n<p>Muzyka, kt\u00f3r\u0105 Joanna Duda zaprezentuje na koncercie, to elektroniczno &#8211; akustyczna improwizacja na bazie materia\u0142u z jej nadchodz\u0105cej p\u0142yty.<\/p>\n","protected":false},"author":2,"featured_media":51854,"comment_status":"open","ping_status":"open","sticky":false,"template":"","format":"standard","meta":{"_et_pb_use_builder":"on","_et_pb_old_content":"","_et_gb_content_width":"","inline_featured_image":false,"footnotes":""},"categories":[1],"tags":[],"class_list":["post-51853","post","type-post","status-publish","format-standard","has-post-thumbnail","hentry","category-bez-kategorii"],"yoast_head":"<!-- This site is optimized with the Yoast SEO plugin v27.5 - https:\/\/yoast.com\/product\/yoast-seo-wordpress\/ -->\n<title>Joanna Duda solo \/ koncert &#8212; Teatr Boto<\/title>\n<meta name=\"robots\" content=\"index, follow, max-snippet:-1, max-image-preview:large, max-video-preview:-1\" \/>\n<link rel=\"canonical\" href=\"https:\/\/boto.art.pl\/index.php\/2018\/06\/06\/joanna-duda-solo-koncert\/\" \/>\n<meta property=\"og:locale\" content=\"pl_PL\" \/>\n<meta property=\"og:type\" content=\"article\" \/>\n<meta property=\"og:title\" content=\"Joanna Duda solo \/ koncert &#8212; Teatr Boto\" \/>\n<meta property=\"og:description\" content=\"4 lipca, 21.00 Muzyka, kt\u00f3r\u0105 Joanna Duda zaprezentuje na koncercie, to elektroniczno - akustyczna improwizacja na bazie materia\u0142u z jej nadchodz\u0105cej p\u0142yty.\" \/>\n<meta property=\"og:url\" content=\"https:\/\/boto.art.pl\/index.php\/2018\/06\/06\/joanna-duda-solo-koncert\/\" \/>\n<meta property=\"og:site_name\" content=\"Teatr Boto\" \/>\n<meta property=\"article:publisher\" content=\"https:\/\/www.facebook.com\/teatrboto\" \/>\n<meta property=\"article:published_time\" content=\"2018-06-06T10:06:19+00:00\" \/>\n<meta property=\"article:modified_time\" content=\"2018-07-05T10:14:27+00:00\" \/>\n<meta property=\"og:image\" content=\"https:\/\/boto.art.pl\/wp-content\/uploads\/2018\/06\/35206677_864696033740805_2625472237704052736_o.jpg\" \/>\n\t<meta property=\"og:image:width\" content=\"1368\" \/>\n\t<meta property=\"og:image:height\" content=\"912\" \/>\n\t<meta property=\"og:image:type\" content=\"image\/jpeg\" \/>\n<meta name=\"author\" content=\"Boto\" \/>\n<meta name=\"twitter:card\" content=\"summary_large_image\" \/>\n<meta name=\"twitter:label1\" content=\"Napisane przez\" \/>\n\t<meta name=\"twitter:data1\" content=\"Boto\" \/>\n\t<meta name=\"twitter:label2\" content=\"Szacowany czas czytania\" \/>\n\t<meta name=\"twitter:data2\" content=\"4 minuty\" \/>\n<script type=\"application\/ld+json\" class=\"yoast-schema-graph\">{\"@context\":\"https:\\\/\\\/schema.org\",\"@graph\":[{\"@type\":\"Article\",\"@id\":\"https:\\\/\\\/boto.art.pl\\\/index.php\\\/2018\\\/06\\\/06\\\/joanna-duda-solo-koncert\\\/#article\",\"isPartOf\":{\"@id\":\"https:\\\/\\\/boto.art.pl\\\/index.php\\\/2018\\\/06\\\/06\\\/joanna-duda-solo-koncert\\\/\"},\"author\":{\"name\":\"Boto\",\"@id\":\"https:\\\/\\\/boto.art.pl\\\/#\\\/schema\\\/person\\\/32351b82314d51e0d0b8554bf8f95b4d\"},\"headline\":\"Joanna Duda solo \\\/ koncert\",\"datePublished\":\"2018-06-06T10:06:19+00:00\",\"dateModified\":\"2018-07-05T10:14:27+00:00\",\"mainEntityOfPage\":{\"@id\":\"https:\\\/\\\/boto.art.pl\\\/index.php\\\/2018\\\/06\\\/06\\\/joanna-duda-solo-koncert\\\/\"},\"wordCount\":899,\"commentCount\":0,\"publisher\":{\"@id\":\"https:\\\/\\\/boto.art.pl\\\/#organization\"},\"image\":{\"@id\":\"https:\\\/\\\/boto.art.pl\\\/index.php\\\/2018\\\/06\\\/06\\\/joanna-duda-solo-koncert\\\/#primaryimage\"},\"thumbnailUrl\":\"https:\\\/\\\/boto.art.pl\\\/wp-content\\\/uploads\\\/2018\\\/06\\\/35206677_864696033740805_2625472237704052736_o.jpg\",\"inLanguage\":\"pl-PL\",\"potentialAction\":[{\"@type\":\"CommentAction\",\"name\":\"Comment\",\"target\":[\"https:\\\/\\\/boto.art.pl\\\/index.php\\\/2018\\\/06\\\/06\\\/joanna-duda-solo-koncert\\\/#respond\"]}]},{\"@type\":\"WebPage\",\"@id\":\"https:\\\/\\\/boto.art.pl\\\/index.php\\\/2018\\\/06\\\/06\\\/joanna-duda-solo-koncert\\\/\",\"url\":\"https:\\\/\\\/boto.art.pl\\\/index.php\\\/2018\\\/06\\\/06\\\/joanna-duda-solo-koncert\\\/\",\"name\":\"Joanna Duda solo \\\/ koncert &#8212; Teatr Boto\",\"isPartOf\":{\"@id\":\"https:\\\/\\\/boto.art.pl\\\/#website\"},\"primaryImageOfPage\":{\"@id\":\"https:\\\/\\\/boto.art.pl\\\/index.php\\\/2018\\\/06\\\/06\\\/joanna-duda-solo-koncert\\\/#primaryimage\"},\"image\":{\"@id\":\"https:\\\/\\\/boto.art.pl\\\/index.php\\\/2018\\\/06\\\/06\\\/joanna-duda-solo-koncert\\\/#primaryimage\"},\"thumbnailUrl\":\"https:\\\/\\\/boto.art.pl\\\/wp-content\\\/uploads\\\/2018\\\/06\\\/35206677_864696033740805_2625472237704052736_o.jpg\",\"datePublished\":\"2018-06-06T10:06:19+00:00\",\"dateModified\":\"2018-07-05T10:14:27+00:00\",\"breadcrumb\":{\"@id\":\"https:\\\/\\\/boto.art.pl\\\/index.php\\\/2018\\\/06\\\/06\\\/joanna-duda-solo-koncert\\\/#breadcrumb\"},\"inLanguage\":\"pl-PL\",\"potentialAction\":[{\"@type\":\"ReadAction\",\"target\":[\"https:\\\/\\\/boto.art.pl\\\/index.php\\\/2018\\\/06\\\/06\\\/joanna-duda-solo-koncert\\\/\"]}]},{\"@type\":\"ImageObject\",\"inLanguage\":\"pl-PL\",\"@id\":\"https:\\\/\\\/boto.art.pl\\\/index.php\\\/2018\\\/06\\\/06\\\/joanna-duda-solo-koncert\\\/#primaryimage\",\"url\":\"https:\\\/\\\/boto.art.pl\\\/wp-content\\\/uploads\\\/2018\\\/06\\\/35206677_864696033740805_2625472237704052736_o.jpg\",\"contentUrl\":\"https:\\\/\\\/boto.art.pl\\\/wp-content\\\/uploads\\\/2018\\\/06\\\/35206677_864696033740805_2625472237704052736_o.jpg\",\"width\":1368,\"height\":912},{\"@type\":\"BreadcrumbList\",\"@id\":\"https:\\\/\\\/boto.art.pl\\\/index.php\\\/2018\\\/06\\\/06\\\/joanna-duda-solo-koncert\\\/#breadcrumb\",\"itemListElement\":[{\"@type\":\"ListItem\",\"position\":1,\"name\":\"Strona g\u0142\u00f3wna\",\"item\":\"https:\\\/\\\/boto.art.pl\\\/\"},{\"@type\":\"ListItem\",\"position\":2,\"name\":\"Joanna Duda solo \\\/ koncert\"}]},{\"@type\":\"WebSite\",\"@id\":\"https:\\\/\\\/boto.art.pl\\\/#website\",\"url\":\"https:\\\/\\\/boto.art.pl\\\/\",\"name\":\"Teatr Boto\",\"description\":\"\",\"publisher\":{\"@id\":\"https:\\\/\\\/boto.art.pl\\\/#organization\"},\"potentialAction\":[{\"@type\":\"SearchAction\",\"target\":{\"@type\":\"EntryPoint\",\"urlTemplate\":\"https:\\\/\\\/boto.art.pl\\\/?s={search_term_string}\"},\"query-input\":{\"@type\":\"PropertyValueSpecification\",\"valueRequired\":true,\"valueName\":\"search_term_string\"}}],\"inLanguage\":\"pl-PL\"},{\"@type\":\"Organization\",\"@id\":\"https:\\\/\\\/boto.art.pl\\\/#organization\",\"name\":\"Teatr Boto\",\"url\":\"https:\\\/\\\/boto.art.pl\\\/\",\"logo\":{\"@type\":\"ImageObject\",\"inLanguage\":\"pl-PL\",\"@id\":\"https:\\\/\\\/boto.art.pl\\\/#\\\/schema\\\/logo\\\/image\\\/\",\"url\":\"https:\\\/\\\/boto.art.pl\\\/wp-content\\\/uploads\\\/2018\\\/03\\\/logotyp.svg\",\"contentUrl\":\"https:\\\/\\\/boto.art.pl\\\/wp-content\\\/uploads\\\/2018\\\/03\\\/logotyp.svg\",\"width\":1,\"height\":1,\"caption\":\"Teatr Boto\"},\"image\":{\"@id\":\"https:\\\/\\\/boto.art.pl\\\/#\\\/schema\\\/logo\\\/image\\\/\"},\"sameAs\":[\"https:\\\/\\\/www.facebook.com\\\/teatrboto\",\"https:\\\/\\\/www.instagram.com\\\/teatr_boto\\\/\"]},{\"@type\":\"Person\",\"@id\":\"https:\\\/\\\/boto.art.pl\\\/#\\\/schema\\\/person\\\/32351b82314d51e0d0b8554bf8f95b4d\",\"name\":\"Boto\",\"image\":{\"@type\":\"ImageObject\",\"inLanguage\":\"pl-PL\",\"@id\":\"https:\\\/\\\/secure.gravatar.com\\\/avatar\\\/288f0389e19ee4a77a3bc15d367dc6c3aa38ec351ab562f6ebe60fbcdacabbef?s=96&d=mm&r=g\",\"url\":\"https:\\\/\\\/secure.gravatar.com\\\/avatar\\\/288f0389e19ee4a77a3bc15d367dc6c3aa38ec351ab562f6ebe60fbcdacabbef?s=96&d=mm&r=g\",\"contentUrl\":\"https:\\\/\\\/secure.gravatar.com\\\/avatar\\\/288f0389e19ee4a77a3bc15d367dc6c3aa38ec351ab562f6ebe60fbcdacabbef?s=96&d=mm&r=g\",\"caption\":\"Boto\"},\"url\":\"https:\\\/\\\/boto.art.pl\\\/index.php\\\/author\\\/boto\\\/\"}]}<\/script>\n<!-- \/ Yoast SEO plugin. -->","yoast_head_json":{"title":"Joanna Duda solo \/ koncert &#8212; Teatr Boto","robots":{"index":"index","follow":"follow","max-snippet":"max-snippet:-1","max-image-preview":"max-image-preview:large","max-video-preview":"max-video-preview:-1"},"canonical":"https:\/\/boto.art.pl\/index.php\/2018\/06\/06\/joanna-duda-solo-koncert\/","og_locale":"pl_PL","og_type":"article","og_title":"Joanna Duda solo \/ koncert &#8212; Teatr Boto","og_description":"4 lipca, 21.00 Muzyka, kt\u00f3r\u0105 Joanna Duda zaprezentuje na koncercie, to elektroniczno - akustyczna improwizacja na bazie materia\u0142u z jej nadchodz\u0105cej p\u0142yty.","og_url":"https:\/\/boto.art.pl\/index.php\/2018\/06\/06\/joanna-duda-solo-koncert\/","og_site_name":"Teatr Boto","article_publisher":"https:\/\/www.facebook.com\/teatrboto","article_published_time":"2018-06-06T10:06:19+00:00","article_modified_time":"2018-07-05T10:14:27+00:00","og_image":[{"width":1368,"height":912,"url":"https:\/\/boto.art.pl\/wp-content\/uploads\/2018\/06\/35206677_864696033740805_2625472237704052736_o.jpg","type":"image\/jpeg"}],"author":"Boto","twitter_card":"summary_large_image","twitter_misc":{"Napisane przez":"Boto","Szacowany czas czytania":"4 minuty"},"schema":{"@context":"https:\/\/schema.org","@graph":[{"@type":"Article","@id":"https:\/\/boto.art.pl\/index.php\/2018\/06\/06\/joanna-duda-solo-koncert\/#article","isPartOf":{"@id":"https:\/\/boto.art.pl\/index.php\/2018\/06\/06\/joanna-duda-solo-koncert\/"},"author":{"name":"Boto","@id":"https:\/\/boto.art.pl\/#\/schema\/person\/32351b82314d51e0d0b8554bf8f95b4d"},"headline":"Joanna Duda solo \/ koncert","datePublished":"2018-06-06T10:06:19+00:00","dateModified":"2018-07-05T10:14:27+00:00","mainEntityOfPage":{"@id":"https:\/\/boto.art.pl\/index.php\/2018\/06\/06\/joanna-duda-solo-koncert\/"},"wordCount":899,"commentCount":0,"publisher":{"@id":"https:\/\/boto.art.pl\/#organization"},"image":{"@id":"https:\/\/boto.art.pl\/index.php\/2018\/06\/06\/joanna-duda-solo-koncert\/#primaryimage"},"thumbnailUrl":"https:\/\/boto.art.pl\/wp-content\/uploads\/2018\/06\/35206677_864696033740805_2625472237704052736_o.jpg","inLanguage":"pl-PL","potentialAction":[{"@type":"CommentAction","name":"Comment","target":["https:\/\/boto.art.pl\/index.php\/2018\/06\/06\/joanna-duda-solo-koncert\/#respond"]}]},{"@type":"WebPage","@id":"https:\/\/boto.art.pl\/index.php\/2018\/06\/06\/joanna-duda-solo-koncert\/","url":"https:\/\/boto.art.pl\/index.php\/2018\/06\/06\/joanna-duda-solo-koncert\/","name":"Joanna Duda solo \/ koncert &#8212; Teatr Boto","isPartOf":{"@id":"https:\/\/boto.art.pl\/#website"},"primaryImageOfPage":{"@id":"https:\/\/boto.art.pl\/index.php\/2018\/06\/06\/joanna-duda-solo-koncert\/#primaryimage"},"image":{"@id":"https:\/\/boto.art.pl\/index.php\/2018\/06\/06\/joanna-duda-solo-koncert\/#primaryimage"},"thumbnailUrl":"https:\/\/boto.art.pl\/wp-content\/uploads\/2018\/06\/35206677_864696033740805_2625472237704052736_o.jpg","datePublished":"2018-06-06T10:06:19+00:00","dateModified":"2018-07-05T10:14:27+00:00","breadcrumb":{"@id":"https:\/\/boto.art.pl\/index.php\/2018\/06\/06\/joanna-duda-solo-koncert\/#breadcrumb"},"inLanguage":"pl-PL","potentialAction":[{"@type":"ReadAction","target":["https:\/\/boto.art.pl\/index.php\/2018\/06\/06\/joanna-duda-solo-koncert\/"]}]},{"@type":"ImageObject","inLanguage":"pl-PL","@id":"https:\/\/boto.art.pl\/index.php\/2018\/06\/06\/joanna-duda-solo-koncert\/#primaryimage","url":"https:\/\/boto.art.pl\/wp-content\/uploads\/2018\/06\/35206677_864696033740805_2625472237704052736_o.jpg","contentUrl":"https:\/\/boto.art.pl\/wp-content\/uploads\/2018\/06\/35206677_864696033740805_2625472237704052736_o.jpg","width":1368,"height":912},{"@type":"BreadcrumbList","@id":"https:\/\/boto.art.pl\/index.php\/2018\/06\/06\/joanna-duda-solo-koncert\/#breadcrumb","itemListElement":[{"@type":"ListItem","position":1,"name":"Strona g\u0142\u00f3wna","item":"https:\/\/boto.art.pl\/"},{"@type":"ListItem","position":2,"name":"Joanna Duda solo \/ koncert"}]},{"@type":"WebSite","@id":"https:\/\/boto.art.pl\/#website","url":"https:\/\/boto.art.pl\/","name":"Teatr Boto","description":"","publisher":{"@id":"https:\/\/boto.art.pl\/#organization"},"potentialAction":[{"@type":"SearchAction","target":{"@type":"EntryPoint","urlTemplate":"https:\/\/boto.art.pl\/?s={search_term_string}"},"query-input":{"@type":"PropertyValueSpecification","valueRequired":true,"valueName":"search_term_string"}}],"inLanguage":"pl-PL"},{"@type":"Organization","@id":"https:\/\/boto.art.pl\/#organization","name":"Teatr Boto","url":"https:\/\/boto.art.pl\/","logo":{"@type":"ImageObject","inLanguage":"pl-PL","@id":"https:\/\/boto.art.pl\/#\/schema\/logo\/image\/","url":"https:\/\/boto.art.pl\/wp-content\/uploads\/2018\/03\/logotyp.svg","contentUrl":"https:\/\/boto.art.pl\/wp-content\/uploads\/2018\/03\/logotyp.svg","width":1,"height":1,"caption":"Teatr Boto"},"image":{"@id":"https:\/\/boto.art.pl\/#\/schema\/logo\/image\/"},"sameAs":["https:\/\/www.facebook.com\/teatrboto","https:\/\/www.instagram.com\/teatr_boto\/"]},{"@type":"Person","@id":"https:\/\/boto.art.pl\/#\/schema\/person\/32351b82314d51e0d0b8554bf8f95b4d","name":"Boto","image":{"@type":"ImageObject","inLanguage":"pl-PL","@id":"https:\/\/secure.gravatar.com\/avatar\/288f0389e19ee4a77a3bc15d367dc6c3aa38ec351ab562f6ebe60fbcdacabbef?s=96&d=mm&r=g","url":"https:\/\/secure.gravatar.com\/avatar\/288f0389e19ee4a77a3bc15d367dc6c3aa38ec351ab562f6ebe60fbcdacabbef?s=96&d=mm&r=g","contentUrl":"https:\/\/secure.gravatar.com\/avatar\/288f0389e19ee4a77a3bc15d367dc6c3aa38ec351ab562f6ebe60fbcdacabbef?s=96&d=mm&r=g","caption":"Boto"},"url":"https:\/\/boto.art.pl\/index.php\/author\/boto\/"}]}},"_links":{"self":[{"href":"https:\/\/boto.art.pl\/index.php\/wp-json\/wp\/v2\/posts\/51853","targetHints":{"allow":["GET"]}}],"collection":[{"href":"https:\/\/boto.art.pl\/index.php\/wp-json\/wp\/v2\/posts"}],"about":[{"href":"https:\/\/boto.art.pl\/index.php\/wp-json\/wp\/v2\/types\/post"}],"author":[{"embeddable":true,"href":"https:\/\/boto.art.pl\/index.php\/wp-json\/wp\/v2\/users\/2"}],"replies":[{"embeddable":true,"href":"https:\/\/boto.art.pl\/index.php\/wp-json\/wp\/v2\/comments?post=51853"}],"version-history":[{"count":1,"href":"https:\/\/boto.art.pl\/index.php\/wp-json\/wp\/v2\/posts\/51853\/revisions"}],"predecessor-version":[{"id":51855,"href":"https:\/\/boto.art.pl\/index.php\/wp-json\/wp\/v2\/posts\/51853\/revisions\/51855"}],"wp:featuredmedia":[{"embeddable":true,"href":"https:\/\/boto.art.pl\/index.php\/wp-json\/wp\/v2\/media\/51854"}],"wp:attachment":[{"href":"https:\/\/boto.art.pl\/index.php\/wp-json\/wp\/v2\/media?parent=51853"}],"wp:term":[{"taxonomy":"category","embeddable":true,"href":"https:\/\/boto.art.pl\/index.php\/wp-json\/wp\/v2\/categories?post=51853"},{"taxonomy":"post_tag","embeddable":true,"href":"https:\/\/boto.art.pl\/index.php\/wp-json\/wp\/v2\/tags?post=51853"}],"curies":[{"name":"wp","href":"https:\/\/api.w.org\/{rel}","templated":true}]}}