{"id":53247,"date":"2018-09-09T16:55:45","date_gmt":"2018-09-09T14:55:45","guid":{"rendered":"http:\/\/boto.art.pl\/?p=53247"},"modified":"2018-11-10T14:02:02","modified_gmt":"2018-11-10T13:02:02","slug":"czerwony-kapturek-w-gotik-stajlu-pokaz-filmowy","status":"publish","type":"post","link":"https:\/\/boto.art.pl\/index.php\/2018\/09\/09\/czerwony-kapturek-w-gotik-stajlu-pokaz-filmowy\/","title":{"rendered":"Czerwony kapturek w gotik stajlu &#8211; pokaz filmowy"},"content":{"rendered":"<p>[et_pb_section bb_built=&#8221;1&#8243; admin_label=&#8221;Du\u017ce zdj\u0119cie&#8221; _builder_version=&#8221;3.12.2&#8243; background_image=&#8221;http:\/\/boto.art.pl\/wp-content\/uploads\/2018\/10\/44195702_429723304222108_4071508471235739648_n.png&#8221; custom_margin=&#8221;|||&#8221; custom_padding=&#8221;0px|0px|134px|0px&#8221; parallax=&#8221;on&#8221; next_background_color=&#8221;#ffffff&#8221;][et_pb_row custom_padding=&#8221;21px|0px|4px|50px&#8221; _builder_version=&#8221;3.0.93&#8243;][et_pb_column type=&#8221;4_4&#8243;][et_pb_text admin_label=&#8221;Tytu\u0142&#8221; _builder_version=&#8221;3.12.2&#8243; custom_padding=&#8221;200px|||&#8221; background_layout=&#8221;dark&#8221; text_font=&#8221;|700||on|||||&#8221; text_font_size=&#8221;34px&#8221; text_text_shadow_style=&#8221;preset4&#8243; text_text_shadow_horizontal_length=&#8221;0.07em&#8221; text_text_shadow_color=&#8221;rgba(0,0,0,0.83)&#8221;]<\/p>\n<h1 id=\"seo_h1_tag\" class=\"_5gmx\" data-testid=\"event-permalink-event-name\">Czerwony kapturek w gotik stajlu &#8211; pokaz filmowy<\/h1>\n<p>[\/et_pb_text][et_pb_text admin_label=&#8221;Data&#8221; _builder_version=&#8221;3.12.2&#8243; background_layout=&#8221;dark&#8221; text_font=&#8221;|||on|||||&#8221; text_font_size=&#8221;30px&#8221; text_text_shadow_style=&#8221;preset4&#8243; text_text_shadow_horizontal_length=&#8221;0.07em&#8221; text_text_shadow_color=&#8221;rgba(0,0,0,0.85)&#8221;]<\/p>\n<p>9 listopada, 20.00<\/p>\n<p>[\/et_pb_text][\/et_pb_column][\/et_pb_row][\/et_pb_section][et_pb_section bb_built=&#8221;1&#8243; _builder_version=&#8221;3.0.93&#8243; custom_margin=&#8221;0px|||&#8221; custom_padding=&#8221;0px|0px|0px|0px&#8221; prev_background_color=&#8221;#000000&#8243;][et_pb_row custom_padding=&#8221;80px|0px|27px|47px&#8221; _builder_version=&#8221;3.0.93&#8243; background_size=&#8221;initial&#8221; background_position=&#8221;top_left&#8221; background_repeat=&#8221;repeat&#8221;][et_pb_column type=&#8221;2_3&#8243;][et_pb_text admin_label=&#8221;Tekst w\u0142a\u015bciwy&#8221; _builder_version=&#8221;3.12.2&#8243;]<\/p>\n<p>Zapraszamy na pokaz filmowej wersji spektaklu ulicznego &#8222;Czerwony kapturek w gotik stajlu&#8221;, kt\u00f3ry by\u0142 w tym roku prezentowany na Molo w Sopocie w ramach cyklu Mololo.<\/p>\n<p>Maria i Elwirka opowiadaj\u0105 bajk\u0119, bo tak uczy\u0142a pani \u015bwirolog na zaj\u0119ciach, co je im Unia zafundowa\u0142a. \u017be jak si\u0119 ma kryzys i problem, to jest taki spos\u00f3b, \u017ceby sobie napisa\u0107 bajk\u0119. I ma pom\u00f3c. W tej bajce jest i bulterierka Amfa, i dziewczynka zombi. A przede wszystkim jest Czarek, co na Islandi\u0119 wyjecha\u0142. Ale potem wr\u00f3ci\u0142.<\/p>\n<p>Maria siedzi z Elwirk\u0105 na skrzynkach plastikowych, co je ma Elwirka za sklepem do siedzenia, i jara mentolowe. P\u00f3ki im Unia nie zabroni\u0142a. Maria Mania jest sobie zad\u0142u\u017con\u0105 wdow\u0105 i kwiaciark\u0105 w zak\u0142adzie pogrzebowym. No nie brzmi to za dobrze. Ten \u015bmierci w Marii obecno\u015bci nadmiar. Jakby to by\u0142a Marii wina, \u017ce by\u0142y zszed\u0142 przedwcze\u015bnie. Z powodu metafety nadmiaru. A wcze\u015bniej zaci\u0105gn\u0105\u0142 kredyt, bo w papierach mia\u0142 zdolno\u015b\u0107. Opr\u00f3cz kredyt\u00f3w by\u0142ego wlecze si\u0119 za ni\u0105 dziecko upi\u00f3r. I upodobanie do niew\u0142a\u015bciwych m\u0119\u017cczyzn z powodu trudnego dzieci\u0144stwa i niew\u0142a\u015bciwych wzorc\u00f3w. Ma jeszcze Maria kole\u017cank\u0119, Elwirk\u0119. Maria zapozna\u0142a j\u0105 na terapii zaj\u0119ciowej dla kobiet, kt\u00f3re wi\u0105\u017c\u0105 si\u0119 z niew\u0142a\u015bciwymi partnerami. Terapia by\u0142a po to, \u017ceby przesta\u0142y si\u0119 wi\u0105za\u0107. Nie przesta\u0142y.<\/p>\n<p>Magdalena P\u0142aneta (re\u017cyserka) o spektaklu:<br \/>\nRomantyczna mi\u0142o\u015b\u0107 ma szcz\u0119\u015bliwe zako\u0144czenie.<br \/>\nRomantyczna historia jest \u0142adna.<br \/>\nRomantyczne uniesienia s\u0105 wznios\u0142e.<\/p>\n<p>Nic z tego nie znajdziemy w tym spektaklu.<\/p>\n<p>Tutaj mi\u0142o\u015b\u0107 bywa pi\u0119kna, ale cz\u0119\u015bciej boli. Jest w tym co\u015b niezwykle swojskiego i prawdziwego. Opowie\u015b\u0107 jest osadzona w miejskim krajobrazie i \u015brodki u\u017cyte przez realizator\u00f3w &#8211; rodem z ulicznej sztuki &#8211; sprawiaj\u0105, \u017ce jej bohaterowie wydaj\u0105 nam si\u0119 bardzo bliscy. Happy endem okazuje si\u0119 brutalna prawda, \u017ce czasem ocali\u0107 siebie z destrukcyjnego romansu to najwy\u017cszy akt mi\u0142o\u015bci&#8230; ale w\u0142asnej.<\/p>\n<p>Tw\u00f3rcy spektaklu pokonuj\u0105 labirynt psychologicznych zawi\u0142o\u015bci cz\u0142owieka przy pomocy pozornie b\u0142ahych \u015brodk\u00f3w jak hip-hop, beatbox, uliczny happening po\u0142\u0105czony z koncertem i ta\u0144cem. Wszystko to zadziwia, gdy nagle okazuje si\u0119, \u017ce m\u00f3wimy o sprawach najg\u0142\u0119bszych: o poszukiwaniu i budowaniu siebie.<\/p>\n<p>Mololo 2018: &#8222;Czerwony kapturek w gotik stajlu&#8221;<br \/>\npremiera: 23 czerwca na placu przed fontann\u0105 na Molo w Sopocie<\/p>\n<p>Re\u017cyseria: Magdalena P\u0142aneta<br \/>\nScenariusz: Salcia Ha\u0142as (na motywach w\u0142asnej powie\u015bci &#8222;Piecze\u0144 dla Amfy&#8221;)<br \/>\nChoreografia: Kurusz Woje\u0144ski<\/p>\n<p>Muzyka &#8222;na \u017cywo&#8221;:<br \/>\nJan Elf Czerwi\u0144ski &#8211; beatbox, loopy<br \/>\nMarcin Kulwas &#8211; syntezator<\/p>\n<p>Wyst\u0119puj\u0105:<br \/>\nJoanna \u017b\u00f3raw &#8211; Maria<br \/>\nAgata Mieniuk &#8211; Elwira<\/p>\n<p>Tancerze:<br \/>\nKamila Maik &#8211; dziewczynka zombi<br \/>\nRafa\u0142 Alchimowicz &#8211; Czarek<br \/>\noraz<br \/>\nAleksandra Foltman, Kalina Porazi\u0144ska i Adrian Kulesza<\/p>\n<p>Produkcja: Marcin Kulwas<br \/>\nOrganizator: PTH K\u0105pielisko Morskie Sopot Sp. z o.o.<\/p>\n<p>Mololo to kr\u00f3tkie spektakle plenerowe (ok. 30 min.) odbywaj\u0105ce si\u0119 przez ca\u0142y okres letni (ok. 30 wyst\u0119p\u00f3w) przy fontannie na Molo w Sopocie. Wykraczaj\u0105 poza schemat teatru ulicznego, bardzo mocno obecna jest w nich muzyka i taniec. Klimat r\u00f3\u017cny: czasem wsp\u00f3\u0142czesny, czasem kostiumowy.<br \/>\n<strong><br \/>\nWST\u0118P WOLNY<br \/>\nIlo\u015b\u0107 miejsc ograniczona.<\/strong><\/p>\n<p>[\/et_pb_text][\/et_pb_column][et_pb_column type=&#8221;1_3&#8243;][et_pb_divider color=&#8221;#e0e0e0&#8243; show_divider=&#8221;on&#8221; _builder_version=&#8221;3.0.93&#8243; \/][et_pb_map address=&#8221;Bohater\u00f3w Monte Cassino 54B, Sopot, Polska&#8221; address_lat=&#8221;54.443947&#8243; address_lng=&#8221;18.567788&#8243; _builder_version=&#8221;3.0.93&#8243;][et_pb_map_pin title=&#8221;Teatr i Baroteka BOTO&#8221; pin_address=&#8221;Bohater\u00f3w Monte Cassino 54B, Sopot, Polska&#8221; pin_address_lat=&#8221;54.443947&#8243; pin_address_lng=&#8221;18.567788&#8243; _builder_version=&#8221;3.0.93&#8243;]<\/p>\n<p>Teatr i Baroteka BOTO<br \/>\nul. Bohater\u00f3w Monte Cassino 54B<br \/>\n81-758 Sopot<\/p>\n<p>[\/et_pb_map_pin][\/et_pb_map][\/et_pb_column][\/et_pb_row][\/et_pb_section]<\/p>\n","protected":false},"excerpt":{"rendered":"<blockquote><p>9 listopada, 20.00<\/p><\/blockquote>\n<p>Zapraszamy na pokaz filmowej wersji spektaklu ulicznego &#8222;Czerwony kapturek w gotik stajlu&#8221;, kt\u00f3ry by\u0142 w tym roku prezentowany na Molo w Sopocie w ramach cyklu Mololo.<\/p>\n","protected":false},"author":2,"featured_media":53248,"comment_status":"open","ping_status":"open","sticky":false,"template":"","format":"standard","meta":{"_et_pb_use_builder":"on","_et_pb_old_content":"","_et_gb_content_width":"","inline_featured_image":false,"footnotes":""},"categories":[1],"tags":[],"class_list":["post-53247","post","type-post","status-publish","format-standard","has-post-thumbnail","hentry","category-bez-kategorii"],"yoast_head":"<!-- This site is optimized with the Yoast SEO plugin v27.5 - https:\/\/yoast.com\/product\/yoast-seo-wordpress\/ -->\n<title>Czerwony kapturek w gotik stajlu - pokaz filmowy &#8212; Teatr Boto<\/title>\n<meta name=\"robots\" content=\"index, follow, max-snippet:-1, max-image-preview:large, max-video-preview:-1\" \/>\n<link rel=\"canonical\" href=\"https:\/\/boto.art.pl\/index.php\/2018\/09\/09\/czerwony-kapturek-w-gotik-stajlu-pokaz-filmowy\/\" \/>\n<meta property=\"og:locale\" content=\"pl_PL\" \/>\n<meta property=\"og:type\" content=\"article\" \/>\n<meta property=\"og:title\" content=\"Czerwony kapturek w gotik stajlu - pokaz filmowy &#8212; Teatr Boto\" \/>\n<meta property=\"og:description\" content=\"9 listopada, 20.00 Zapraszamy na pokaz filmowej wersji spektaklu ulicznego &quot;Czerwony kapturek w gotik stajlu&quot;, kt\u00f3ry by\u0142 w tym roku prezentowany na Molo w Sopocie w ramach cyklu Mololo.\" \/>\n<meta property=\"og:url\" content=\"https:\/\/boto.art.pl\/index.php\/2018\/09\/09\/czerwony-kapturek-w-gotik-stajlu-pokaz-filmowy\/\" \/>\n<meta property=\"og:site_name\" content=\"Teatr Boto\" \/>\n<meta property=\"article:publisher\" content=\"https:\/\/www.facebook.com\/teatrboto\" \/>\n<meta property=\"article:published_time\" content=\"2018-09-09T14:55:45+00:00\" \/>\n<meta property=\"article:modified_time\" content=\"2018-11-10T13:02:02+00:00\" \/>\n<meta property=\"og:image\" content=\"https:\/\/boto.art.pl\/wp-content\/uploads\/2018\/10\/44195702_429723304222108_4071508471235739648_n.png\" \/>\n\t<meta property=\"og:image:width\" content=\"1200\" \/>\n\t<meta property=\"og:image:height\" content=\"600\" \/>\n\t<meta property=\"og:image:type\" content=\"image\/png\" \/>\n<meta name=\"author\" content=\"Boto\" \/>\n<meta name=\"twitter:card\" content=\"summary_large_image\" \/>\n<meta name=\"twitter:label1\" content=\"Napisane przez\" \/>\n\t<meta name=\"twitter:data1\" content=\"Boto\" \/>\n\t<meta name=\"twitter:label2\" content=\"Szacowany czas czytania\" \/>\n\t<meta name=\"twitter:data2\" content=\"4 minuty\" \/>\n<script type=\"application\/ld+json\" class=\"yoast-schema-graph\">{\"@context\":\"https:\\\/\\\/schema.org\",\"@graph\":[{\"@type\":\"Article\",\"@id\":\"https:\\\/\\\/boto.art.pl\\\/index.php\\\/2018\\\/09\\\/09\\\/czerwony-kapturek-w-gotik-stajlu-pokaz-filmowy\\\/#article\",\"isPartOf\":{\"@id\":\"https:\\\/\\\/boto.art.pl\\\/index.php\\\/2018\\\/09\\\/09\\\/czerwony-kapturek-w-gotik-stajlu-pokaz-filmowy\\\/\"},\"author\":{\"name\":\"Boto\",\"@id\":\"https:\\\/\\\/boto.art.pl\\\/#\\\/schema\\\/person\\\/32351b82314d51e0d0b8554bf8f95b4d\"},\"headline\":\"Czerwony kapturek w gotik stajlu &#8211; pokaz filmowy\",\"datePublished\":\"2018-09-09T14:55:45+00:00\",\"dateModified\":\"2018-11-10T13:02:02+00:00\",\"mainEntityOfPage\":{\"@id\":\"https:\\\/\\\/boto.art.pl\\\/index.php\\\/2018\\\/09\\\/09\\\/czerwony-kapturek-w-gotik-stajlu-pokaz-filmowy\\\/\"},\"wordCount\":841,\"commentCount\":0,\"publisher\":{\"@id\":\"https:\\\/\\\/boto.art.pl\\\/#organization\"},\"image\":{\"@id\":\"https:\\\/\\\/boto.art.pl\\\/index.php\\\/2018\\\/09\\\/09\\\/czerwony-kapturek-w-gotik-stajlu-pokaz-filmowy\\\/#primaryimage\"},\"thumbnailUrl\":\"https:\\\/\\\/boto.art.pl\\\/wp-content\\\/uploads\\\/2018\\\/10\\\/44195702_429723304222108_4071508471235739648_n.png\",\"inLanguage\":\"pl-PL\",\"potentialAction\":[{\"@type\":\"CommentAction\",\"name\":\"Comment\",\"target\":[\"https:\\\/\\\/boto.art.pl\\\/index.php\\\/2018\\\/09\\\/09\\\/czerwony-kapturek-w-gotik-stajlu-pokaz-filmowy\\\/#respond\"]}]},{\"@type\":\"WebPage\",\"@id\":\"https:\\\/\\\/boto.art.pl\\\/index.php\\\/2018\\\/09\\\/09\\\/czerwony-kapturek-w-gotik-stajlu-pokaz-filmowy\\\/\",\"url\":\"https:\\\/\\\/boto.art.pl\\\/index.php\\\/2018\\\/09\\\/09\\\/czerwony-kapturek-w-gotik-stajlu-pokaz-filmowy\\\/\",\"name\":\"Czerwony kapturek w gotik stajlu - pokaz filmowy &#8212; Teatr Boto\",\"isPartOf\":{\"@id\":\"https:\\\/\\\/boto.art.pl\\\/#website\"},\"primaryImageOfPage\":{\"@id\":\"https:\\\/\\\/boto.art.pl\\\/index.php\\\/2018\\\/09\\\/09\\\/czerwony-kapturek-w-gotik-stajlu-pokaz-filmowy\\\/#primaryimage\"},\"image\":{\"@id\":\"https:\\\/\\\/boto.art.pl\\\/index.php\\\/2018\\\/09\\\/09\\\/czerwony-kapturek-w-gotik-stajlu-pokaz-filmowy\\\/#primaryimage\"},\"thumbnailUrl\":\"https:\\\/\\\/boto.art.pl\\\/wp-content\\\/uploads\\\/2018\\\/10\\\/44195702_429723304222108_4071508471235739648_n.png\",\"datePublished\":\"2018-09-09T14:55:45+00:00\",\"dateModified\":\"2018-11-10T13:02:02+00:00\",\"breadcrumb\":{\"@id\":\"https:\\\/\\\/boto.art.pl\\\/index.php\\\/2018\\\/09\\\/09\\\/czerwony-kapturek-w-gotik-stajlu-pokaz-filmowy\\\/#breadcrumb\"},\"inLanguage\":\"pl-PL\",\"potentialAction\":[{\"@type\":\"ReadAction\",\"target\":[\"https:\\\/\\\/boto.art.pl\\\/index.php\\\/2018\\\/09\\\/09\\\/czerwony-kapturek-w-gotik-stajlu-pokaz-filmowy\\\/\"]}]},{\"@type\":\"ImageObject\",\"inLanguage\":\"pl-PL\",\"@id\":\"https:\\\/\\\/boto.art.pl\\\/index.php\\\/2018\\\/09\\\/09\\\/czerwony-kapturek-w-gotik-stajlu-pokaz-filmowy\\\/#primaryimage\",\"url\":\"https:\\\/\\\/boto.art.pl\\\/wp-content\\\/uploads\\\/2018\\\/10\\\/44195702_429723304222108_4071508471235739648_n.png\",\"contentUrl\":\"https:\\\/\\\/boto.art.pl\\\/wp-content\\\/uploads\\\/2018\\\/10\\\/44195702_429723304222108_4071508471235739648_n.png\",\"width\":1200,\"height\":600},{\"@type\":\"BreadcrumbList\",\"@id\":\"https:\\\/\\\/boto.art.pl\\\/index.php\\\/2018\\\/09\\\/09\\\/czerwony-kapturek-w-gotik-stajlu-pokaz-filmowy\\\/#breadcrumb\",\"itemListElement\":[{\"@type\":\"ListItem\",\"position\":1,\"name\":\"Strona g\u0142\u00f3wna\",\"item\":\"https:\\\/\\\/boto.art.pl\\\/\"},{\"@type\":\"ListItem\",\"position\":2,\"name\":\"Czerwony kapturek w gotik stajlu &#8211; pokaz filmowy\"}]},{\"@type\":\"WebSite\",\"@id\":\"https:\\\/\\\/boto.art.pl\\\/#website\",\"url\":\"https:\\\/\\\/boto.art.pl\\\/\",\"name\":\"Teatr Boto\",\"description\":\"\",\"publisher\":{\"@id\":\"https:\\\/\\\/boto.art.pl\\\/#organization\"},\"potentialAction\":[{\"@type\":\"SearchAction\",\"target\":{\"@type\":\"EntryPoint\",\"urlTemplate\":\"https:\\\/\\\/boto.art.pl\\\/?s={search_term_string}\"},\"query-input\":{\"@type\":\"PropertyValueSpecification\",\"valueRequired\":true,\"valueName\":\"search_term_string\"}}],\"inLanguage\":\"pl-PL\"},{\"@type\":\"Organization\",\"@id\":\"https:\\\/\\\/boto.art.pl\\\/#organization\",\"name\":\"Teatr Boto\",\"url\":\"https:\\\/\\\/boto.art.pl\\\/\",\"logo\":{\"@type\":\"ImageObject\",\"inLanguage\":\"pl-PL\",\"@id\":\"https:\\\/\\\/boto.art.pl\\\/#\\\/schema\\\/logo\\\/image\\\/\",\"url\":\"https:\\\/\\\/boto.art.pl\\\/wp-content\\\/uploads\\\/2018\\\/03\\\/logotyp.svg\",\"contentUrl\":\"https:\\\/\\\/boto.art.pl\\\/wp-content\\\/uploads\\\/2018\\\/03\\\/logotyp.svg\",\"width\":1,\"height\":1,\"caption\":\"Teatr Boto\"},\"image\":{\"@id\":\"https:\\\/\\\/boto.art.pl\\\/#\\\/schema\\\/logo\\\/image\\\/\"},\"sameAs\":[\"https:\\\/\\\/www.facebook.com\\\/teatrboto\",\"https:\\\/\\\/www.instagram.com\\\/teatr_boto\\\/\"]},{\"@type\":\"Person\",\"@id\":\"https:\\\/\\\/boto.art.pl\\\/#\\\/schema\\\/person\\\/32351b82314d51e0d0b8554bf8f95b4d\",\"name\":\"Boto\",\"image\":{\"@type\":\"ImageObject\",\"inLanguage\":\"pl-PL\",\"@id\":\"https:\\\/\\\/secure.gravatar.com\\\/avatar\\\/288f0389e19ee4a77a3bc15d367dc6c3aa38ec351ab562f6ebe60fbcdacabbef?s=96&d=mm&r=g\",\"url\":\"https:\\\/\\\/secure.gravatar.com\\\/avatar\\\/288f0389e19ee4a77a3bc15d367dc6c3aa38ec351ab562f6ebe60fbcdacabbef?s=96&d=mm&r=g\",\"contentUrl\":\"https:\\\/\\\/secure.gravatar.com\\\/avatar\\\/288f0389e19ee4a77a3bc15d367dc6c3aa38ec351ab562f6ebe60fbcdacabbef?s=96&d=mm&r=g\",\"caption\":\"Boto\"},\"url\":\"https:\\\/\\\/boto.art.pl\\\/index.php\\\/author\\\/boto\\\/\"}]}<\/script>\n<!-- \/ Yoast SEO plugin. -->","yoast_head_json":{"title":"Czerwony kapturek w gotik stajlu - pokaz filmowy &#8212; Teatr Boto","robots":{"index":"index","follow":"follow","max-snippet":"max-snippet:-1","max-image-preview":"max-image-preview:large","max-video-preview":"max-video-preview:-1"},"canonical":"https:\/\/boto.art.pl\/index.php\/2018\/09\/09\/czerwony-kapturek-w-gotik-stajlu-pokaz-filmowy\/","og_locale":"pl_PL","og_type":"article","og_title":"Czerwony kapturek w gotik stajlu - pokaz filmowy &#8212; Teatr Boto","og_description":"9 listopada, 20.00 Zapraszamy na pokaz filmowej wersji spektaklu ulicznego \"Czerwony kapturek w gotik stajlu\", kt\u00f3ry by\u0142 w tym roku prezentowany na Molo w Sopocie w ramach cyklu Mololo.","og_url":"https:\/\/boto.art.pl\/index.php\/2018\/09\/09\/czerwony-kapturek-w-gotik-stajlu-pokaz-filmowy\/","og_site_name":"Teatr Boto","article_publisher":"https:\/\/www.facebook.com\/teatrboto","article_published_time":"2018-09-09T14:55:45+00:00","article_modified_time":"2018-11-10T13:02:02+00:00","og_image":[{"width":1200,"height":600,"url":"https:\/\/boto.art.pl\/wp-content\/uploads\/2018\/10\/44195702_429723304222108_4071508471235739648_n.png","type":"image\/png"}],"author":"Boto","twitter_card":"summary_large_image","twitter_misc":{"Napisane przez":"Boto","Szacowany czas czytania":"4 minuty"},"schema":{"@context":"https:\/\/schema.org","@graph":[{"@type":"Article","@id":"https:\/\/boto.art.pl\/index.php\/2018\/09\/09\/czerwony-kapturek-w-gotik-stajlu-pokaz-filmowy\/#article","isPartOf":{"@id":"https:\/\/boto.art.pl\/index.php\/2018\/09\/09\/czerwony-kapturek-w-gotik-stajlu-pokaz-filmowy\/"},"author":{"name":"Boto","@id":"https:\/\/boto.art.pl\/#\/schema\/person\/32351b82314d51e0d0b8554bf8f95b4d"},"headline":"Czerwony kapturek w gotik stajlu &#8211; pokaz filmowy","datePublished":"2018-09-09T14:55:45+00:00","dateModified":"2018-11-10T13:02:02+00:00","mainEntityOfPage":{"@id":"https:\/\/boto.art.pl\/index.php\/2018\/09\/09\/czerwony-kapturek-w-gotik-stajlu-pokaz-filmowy\/"},"wordCount":841,"commentCount":0,"publisher":{"@id":"https:\/\/boto.art.pl\/#organization"},"image":{"@id":"https:\/\/boto.art.pl\/index.php\/2018\/09\/09\/czerwony-kapturek-w-gotik-stajlu-pokaz-filmowy\/#primaryimage"},"thumbnailUrl":"https:\/\/boto.art.pl\/wp-content\/uploads\/2018\/10\/44195702_429723304222108_4071508471235739648_n.png","inLanguage":"pl-PL","potentialAction":[{"@type":"CommentAction","name":"Comment","target":["https:\/\/boto.art.pl\/index.php\/2018\/09\/09\/czerwony-kapturek-w-gotik-stajlu-pokaz-filmowy\/#respond"]}]},{"@type":"WebPage","@id":"https:\/\/boto.art.pl\/index.php\/2018\/09\/09\/czerwony-kapturek-w-gotik-stajlu-pokaz-filmowy\/","url":"https:\/\/boto.art.pl\/index.php\/2018\/09\/09\/czerwony-kapturek-w-gotik-stajlu-pokaz-filmowy\/","name":"Czerwony kapturek w gotik stajlu - pokaz filmowy &#8212; Teatr Boto","isPartOf":{"@id":"https:\/\/boto.art.pl\/#website"},"primaryImageOfPage":{"@id":"https:\/\/boto.art.pl\/index.php\/2018\/09\/09\/czerwony-kapturek-w-gotik-stajlu-pokaz-filmowy\/#primaryimage"},"image":{"@id":"https:\/\/boto.art.pl\/index.php\/2018\/09\/09\/czerwony-kapturek-w-gotik-stajlu-pokaz-filmowy\/#primaryimage"},"thumbnailUrl":"https:\/\/boto.art.pl\/wp-content\/uploads\/2018\/10\/44195702_429723304222108_4071508471235739648_n.png","datePublished":"2018-09-09T14:55:45+00:00","dateModified":"2018-11-10T13:02:02+00:00","breadcrumb":{"@id":"https:\/\/boto.art.pl\/index.php\/2018\/09\/09\/czerwony-kapturek-w-gotik-stajlu-pokaz-filmowy\/#breadcrumb"},"inLanguage":"pl-PL","potentialAction":[{"@type":"ReadAction","target":["https:\/\/boto.art.pl\/index.php\/2018\/09\/09\/czerwony-kapturek-w-gotik-stajlu-pokaz-filmowy\/"]}]},{"@type":"ImageObject","inLanguage":"pl-PL","@id":"https:\/\/boto.art.pl\/index.php\/2018\/09\/09\/czerwony-kapturek-w-gotik-stajlu-pokaz-filmowy\/#primaryimage","url":"https:\/\/boto.art.pl\/wp-content\/uploads\/2018\/10\/44195702_429723304222108_4071508471235739648_n.png","contentUrl":"https:\/\/boto.art.pl\/wp-content\/uploads\/2018\/10\/44195702_429723304222108_4071508471235739648_n.png","width":1200,"height":600},{"@type":"BreadcrumbList","@id":"https:\/\/boto.art.pl\/index.php\/2018\/09\/09\/czerwony-kapturek-w-gotik-stajlu-pokaz-filmowy\/#breadcrumb","itemListElement":[{"@type":"ListItem","position":1,"name":"Strona g\u0142\u00f3wna","item":"https:\/\/boto.art.pl\/"},{"@type":"ListItem","position":2,"name":"Czerwony kapturek w gotik stajlu &#8211; pokaz filmowy"}]},{"@type":"WebSite","@id":"https:\/\/boto.art.pl\/#website","url":"https:\/\/boto.art.pl\/","name":"Teatr Boto","description":"","publisher":{"@id":"https:\/\/boto.art.pl\/#organization"},"potentialAction":[{"@type":"SearchAction","target":{"@type":"EntryPoint","urlTemplate":"https:\/\/boto.art.pl\/?s={search_term_string}"},"query-input":{"@type":"PropertyValueSpecification","valueRequired":true,"valueName":"search_term_string"}}],"inLanguage":"pl-PL"},{"@type":"Organization","@id":"https:\/\/boto.art.pl\/#organization","name":"Teatr Boto","url":"https:\/\/boto.art.pl\/","logo":{"@type":"ImageObject","inLanguage":"pl-PL","@id":"https:\/\/boto.art.pl\/#\/schema\/logo\/image\/","url":"https:\/\/boto.art.pl\/wp-content\/uploads\/2018\/03\/logotyp.svg","contentUrl":"https:\/\/boto.art.pl\/wp-content\/uploads\/2018\/03\/logotyp.svg","width":1,"height":1,"caption":"Teatr Boto"},"image":{"@id":"https:\/\/boto.art.pl\/#\/schema\/logo\/image\/"},"sameAs":["https:\/\/www.facebook.com\/teatrboto","https:\/\/www.instagram.com\/teatr_boto\/"]},{"@type":"Person","@id":"https:\/\/boto.art.pl\/#\/schema\/person\/32351b82314d51e0d0b8554bf8f95b4d","name":"Boto","image":{"@type":"ImageObject","inLanguage":"pl-PL","@id":"https:\/\/secure.gravatar.com\/avatar\/288f0389e19ee4a77a3bc15d367dc6c3aa38ec351ab562f6ebe60fbcdacabbef?s=96&d=mm&r=g","url":"https:\/\/secure.gravatar.com\/avatar\/288f0389e19ee4a77a3bc15d367dc6c3aa38ec351ab562f6ebe60fbcdacabbef?s=96&d=mm&r=g","contentUrl":"https:\/\/secure.gravatar.com\/avatar\/288f0389e19ee4a77a3bc15d367dc6c3aa38ec351ab562f6ebe60fbcdacabbef?s=96&d=mm&r=g","caption":"Boto"},"url":"https:\/\/boto.art.pl\/index.php\/author\/boto\/"}]}},"_links":{"self":[{"href":"https:\/\/boto.art.pl\/index.php\/wp-json\/wp\/v2\/posts\/53247","targetHints":{"allow":["GET"]}}],"collection":[{"href":"https:\/\/boto.art.pl\/index.php\/wp-json\/wp\/v2\/posts"}],"about":[{"href":"https:\/\/boto.art.pl\/index.php\/wp-json\/wp\/v2\/types\/post"}],"author":[{"embeddable":true,"href":"https:\/\/boto.art.pl\/index.php\/wp-json\/wp\/v2\/users\/2"}],"replies":[{"embeddable":true,"href":"https:\/\/boto.art.pl\/index.php\/wp-json\/wp\/v2\/comments?post=53247"}],"version-history":[{"count":2,"href":"https:\/\/boto.art.pl\/index.php\/wp-json\/wp\/v2\/posts\/53247\/revisions"}],"predecessor-version":[{"id":53250,"href":"https:\/\/boto.art.pl\/index.php\/wp-json\/wp\/v2\/posts\/53247\/revisions\/53250"}],"wp:featuredmedia":[{"embeddable":true,"href":"https:\/\/boto.art.pl\/index.php\/wp-json\/wp\/v2\/media\/53248"}],"wp:attachment":[{"href":"https:\/\/boto.art.pl\/index.php\/wp-json\/wp\/v2\/media?parent=53247"}],"wp:term":[{"taxonomy":"category","embeddable":true,"href":"https:\/\/boto.art.pl\/index.php\/wp-json\/wp\/v2\/categories?post=53247"},{"taxonomy":"post_tag","embeddable":true,"href":"https:\/\/boto.art.pl\/index.php\/wp-json\/wp\/v2\/tags?post=53247"}],"curies":[{"name":"wp","href":"https:\/\/api.w.org\/{rel}","templated":true}]}}