{"id":53280,"date":"2018-08-31T13:03:13","date_gmt":"2018-08-31T11:03:13","guid":{"rendered":"http:\/\/boto.art.pl\/?p=53280"},"modified":"2018-11-01T14:22:28","modified_gmt":"2018-11-01T13:22:28","slug":"koncert-kobiety-duo","status":"publish","type":"post","link":"https:\/\/boto.art.pl\/index.php\/2018\/08\/31\/koncert-kobiety-duo\/","title":{"rendered":"Koncert Kobiety Duo"},"content":{"rendered":"<p>[et_pb_section bb_built=&#8221;1&#8243; admin_label=&#8221;Du\u017ce zdj\u0119cie&#8221; _builder_version=&#8221;3.12.2&#8243; background_image=&#8221;http:\/\/boto.art.pl\/wp-content\/uploads\/2018\/10\/44198807_2195905994006303_725985915545059328_o.jpg&#8221; custom_margin=&#8221;|||&#8221; custom_padding=&#8221;0px|0px|134px|0px&#8221; parallax=&#8221;on&#8221; next_background_color=&#8221;#ffffff&#8221;][et_pb_row custom_padding=&#8221;21px|0px|4px|50px&#8221; _builder_version=&#8221;3.0.93&#8243;][et_pb_column type=&#8221;4_4&#8243;][et_pb_text admin_label=&#8221;Tytu\u0142&#8221; _builder_version=&#8221;3.12.2&#8243; custom_padding=&#8221;200px|||&#8221; background_layout=&#8221;dark&#8221; text_font=&#8221;|700||on|||||&#8221; text_font_size=&#8221;34px&#8221; text_text_shadow_style=&#8221;preset4&#8243; text_text_shadow_horizontal_length=&#8221;0.07em&#8221; text_text_shadow_color=&#8221;rgba(0,0,0,0.83)&#8221;]<\/p>\n<h1 id=\"seo_h1_tag\" class=\"_5gmx\" data-testid=\"event-permalink-event-name\">Koncert Kobiety Duo<\/h1>\n<p>[\/et_pb_text][et_pb_text admin_label=&#8221;Data&#8221; _builder_version=&#8221;3.12.2&#8243; background_layout=&#8221;dark&#8221; text_font=&#8221;|||on|||||&#8221; text_font_size=&#8221;30px&#8221; text_text_shadow_style=&#8221;preset4&#8243; text_text_shadow_horizontal_length=&#8221;0.07em&#8221; text_text_shadow_color=&#8221;rgba(0,0,0,0.85)&#8221;]<\/p>\n<p>31 pa\u017adziernika, 19.00<\/p>\n<p>[\/et_pb_text][\/et_pb_column][\/et_pb_row][\/et_pb_section][et_pb_section bb_built=&#8221;1&#8243; _builder_version=&#8221;3.0.93&#8243; custom_margin=&#8221;0px|||&#8221; custom_padding=&#8221;0px|0px|0px|0px&#8221; prev_background_color=&#8221;#000000&#8243;][et_pb_row custom_padding=&#8221;80px|0px|27px|47px&#8221; _builder_version=&#8221;3.0.93&#8243; background_size=&#8221;initial&#8221; background_position=&#8221;top_left&#8221; background_repeat=&#8221;repeat&#8221;][et_pb_column type=&#8221;2_3&#8243;][et_pb_text admin_label=&#8221;Tekst w\u0142a\u015bciwy&#8221; _builder_version=&#8221;3.12.2&#8243;]<\/p>\n<p>Porozmawiajmy o wra\u017cliwo\u015bci na drugiego cz\u0142owieka, porozmawiajmy o sytuacjach, w kt\u00f3rych kto\u015b mo\u017ce potrzebowa\u0107 naszej pomocy. Pod takimi has\u0142ami odb\u0119dzie si\u0119 nasze kolejne spotkanie przy d\u017awi\u0119kach muzyki. Przyjd\u017a i dowiedz si\u0119, co dobrego mo\u017cemy robi\u0107 dla innych w sytuacjach kryzysowych, a tak\u017ce w codziennym \u017cyciu. Spotkaniu towarzyszy\u0107 b\u0119dzie zesp\u00f3\u0142 Kobiety Duo (w sk\u0142adzie Marta Handschke: g\u0142os, klawisz i Grzegorz Nawrocki: g\u0142os, gitara).<\/p>\n<p>Kobiety powsta\u0142y wiosn\u0105 1999 roku w Tr\u00f3jmie\u015bcie z inicjatywy Grzegorza Nawrockiego. Zesp\u00f3\u0142 nagra\u0142 swoj\u0105 debiutanck\u0105 p\u0142yt\u0119 w grudniu 2000 roku. Album spotka\u0142 si\u0119 z entuzjastycznym przyj\u0119ciem zar\u00f3wno krytyk\u00f3w, jak i s\u0142uchaczy. Zesp\u00f3\u0142 chwalono za chwytliwe melodie, niebanalne teksty i ciekawe aran\u017cacje. Podczas swojej kilkunastoletniej dzia\u0142alno\u015bci zesp\u00f3\u0142 nagra\u0142 jeszcze cztery albumy, zagra\u0142 niezliczon\u0105 ilo\u015b\u0107 koncert\u00f3w w kraju i za granic\u0105. Wyst\u0119powa\u0142 m.in. we Francji, Niemczech, Holandii oraz na najwa\u017cniejszych polskich festiwalach zwi\u0105zanych z muzyk\u0105 niezale\u017cn\u0105.<\/p>\n<p>Kobiety by\u0142y nominowane do Paszport\u00f3w Polityki 2007 w kategorii muzyka popularna. P\u0142yta \u201eMutanty\u201d zosta\u0142a uznana za najlepsz\u0105 polsk\u0105 p\u0142yt\u0119 roku 2011 wed\u0142ug miesi\u0119cznika Machina. &#8222;Podarte sukienki&#8221; uznane za najlepszy utw\u00f3r roku roku 2015 niezale\u017cnej nagrody muzycznej Doki.<br \/>\nIch muzyk\u0119 nazywa si\u0119 \u201cavant- popem\u201d, \u201calternatywnym rockiem z 3miasta\u201d, &#8222;udan\u0105 pr\u00f3b\u0105 przenikni\u0119cia muzyki alternatywnej na grunt popularny&#8221;. Najwyra\u017aniej Kobiety nie podlegaj\u0105 konwencji i wymykaj\u0105 si\u0119 schematom.<\/p>\n<p>[\/et_pb_text][\/et_pb_column][et_pb_column type=&#8221;1_3&#8243;][et_pb_divider color=&#8221;#e0e0e0&#8243; show_divider=&#8221;on&#8221; _builder_version=&#8221;3.0.93&#8243; \/][et_pb_map address=&#8221;Bohater\u00f3w Monte Cassino 54B, Sopot, Polska&#8221; address_lat=&#8221;54.443947&#8243; address_lng=&#8221;18.567788&#8243; _builder_version=&#8221;3.0.93&#8243;][et_pb_map_pin title=&#8221;Teatr i Baroteka BOTO&#8221; pin_address=&#8221;Bohater\u00f3w Monte Cassino 54B, Sopot, Polska&#8221; pin_address_lat=&#8221;54.443947&#8243; pin_address_lng=&#8221;18.567788&#8243; _builder_version=&#8221;3.0.93&#8243;]<\/p>\n<p>Teatr i Baroteka BOTO<br \/>\nul. Bohater\u00f3w Monte Cassino 54B<br \/>\n81-758 Sopot<\/p>\n<p>[\/et_pb_map_pin][\/et_pb_map][\/et_pb_column][\/et_pb_row][\/et_pb_section]<\/p>\n","protected":false},"excerpt":{"rendered":"<blockquote><p>31 pa\u017adziernika, 19.00<\/p><\/blockquote>\n<p>Porozmawiajmy o wra\u017cliwo\u015bci na drugiego cz\u0142owieka, porozmawiajmy o sytuacjach, w kt\u00f3rych kto\u015b mo\u017ce potrzebowa\u0107 naszej pomocy. Pod takimi has\u0142ami odb\u0119dzie si\u0119 nasze kolejne spotkanie przy d\u017awi\u0119kach muzyki.<\/p>\n","protected":false},"author":2,"featured_media":53281,"comment_status":"open","ping_status":"open","sticky":false,"template":"","format":"standard","meta":{"_et_pb_use_builder":"on","_et_pb_old_content":"","_et_gb_content_width":"","inline_featured_image":false,"footnotes":""},"categories":[1],"tags":[],"class_list":["post-53280","post","type-post","status-publish","format-standard","has-post-thumbnail","hentry","category-bez-kategorii"],"yoast_head":"<!-- This site is optimized with the Yoast SEO plugin v27.5 - https:\/\/yoast.com\/product\/yoast-seo-wordpress\/ -->\n<title>Koncert Kobiety Duo &#8212; Teatr Boto<\/title>\n<meta name=\"robots\" content=\"index, follow, max-snippet:-1, max-image-preview:large, max-video-preview:-1\" \/>\n<link rel=\"canonical\" href=\"https:\/\/boto.art.pl\/index.php\/2018\/08\/31\/koncert-kobiety-duo\/\" \/>\n<meta property=\"og:locale\" content=\"pl_PL\" \/>\n<meta property=\"og:type\" content=\"article\" \/>\n<meta property=\"og:title\" content=\"Koncert Kobiety Duo &#8212; Teatr Boto\" \/>\n<meta property=\"og:description\" content=\"31 pa\u017adziernika, 19.00 Porozmawiajmy o wra\u017cliwo\u015bci na drugiego cz\u0142owieka, porozmawiajmy o sytuacjach, w kt\u00f3rych kto\u015b mo\u017ce potrzebowa\u0107 naszej pomocy. Pod takimi has\u0142ami odb\u0119dzie si\u0119 nasze kolejne spotkanie przy d\u017awi\u0119kach muzyki.\" \/>\n<meta property=\"og:url\" content=\"https:\/\/boto.art.pl\/index.php\/2018\/08\/31\/koncert-kobiety-duo\/\" \/>\n<meta property=\"og:site_name\" content=\"Teatr Boto\" \/>\n<meta property=\"article:publisher\" content=\"https:\/\/www.facebook.com\/teatrboto\" \/>\n<meta property=\"article:published_time\" content=\"2018-08-31T11:03:13+00:00\" \/>\n<meta property=\"article:modified_time\" content=\"2018-11-01T13:22:28+00:00\" \/>\n<meta property=\"og:image\" content=\"https:\/\/boto.art.pl\/wp-content\/uploads\/2018\/10\/44198807_2195905994006303_725985915545059328_o.jpg\" \/>\n\t<meta property=\"og:image:width\" content=\"1200\" \/>\n\t<meta property=\"og:image:height\" content=\"628\" \/>\n\t<meta property=\"og:image:type\" content=\"image\/jpeg\" \/>\n<meta name=\"author\" content=\"Boto\" \/>\n<meta name=\"twitter:card\" content=\"summary_large_image\" \/>\n<meta name=\"twitter:label1\" content=\"Napisane przez\" \/>\n\t<meta name=\"twitter:data1\" content=\"Boto\" \/>\n\t<meta name=\"twitter:label2\" content=\"Szacowany czas czytania\" \/>\n\t<meta name=\"twitter:data2\" content=\"3 minuty\" \/>\n<script type=\"application\/ld+json\" class=\"yoast-schema-graph\">{\"@context\":\"https:\\\/\\\/schema.org\",\"@graph\":[{\"@type\":\"Article\",\"@id\":\"https:\\\/\\\/boto.art.pl\\\/index.php\\\/2018\\\/08\\\/31\\\/koncert-kobiety-duo\\\/#article\",\"isPartOf\":{\"@id\":\"https:\\\/\\\/boto.art.pl\\\/index.php\\\/2018\\\/08\\\/31\\\/koncert-kobiety-duo\\\/\"},\"author\":{\"name\":\"Boto\",\"@id\":\"https:\\\/\\\/boto.art.pl\\\/#\\\/schema\\\/person\\\/32351b82314d51e0d0b8554bf8f95b4d\"},\"headline\":\"Koncert Kobiety Duo\",\"datePublished\":\"2018-08-31T11:03:13+00:00\",\"dateModified\":\"2018-11-01T13:22:28+00:00\",\"mainEntityOfPage\":{\"@id\":\"https:\\\/\\\/boto.art.pl\\\/index.php\\\/2018\\\/08\\\/31\\\/koncert-kobiety-duo\\\/\"},\"wordCount\":533,\"commentCount\":0,\"publisher\":{\"@id\":\"https:\\\/\\\/boto.art.pl\\\/#organization\"},\"image\":{\"@id\":\"https:\\\/\\\/boto.art.pl\\\/index.php\\\/2018\\\/08\\\/31\\\/koncert-kobiety-duo\\\/#primaryimage\"},\"thumbnailUrl\":\"https:\\\/\\\/boto.art.pl\\\/wp-content\\\/uploads\\\/2018\\\/10\\\/44198807_2195905994006303_725985915545059328_o.jpg\",\"inLanguage\":\"pl-PL\",\"potentialAction\":[{\"@type\":\"CommentAction\",\"name\":\"Comment\",\"target\":[\"https:\\\/\\\/boto.art.pl\\\/index.php\\\/2018\\\/08\\\/31\\\/koncert-kobiety-duo\\\/#respond\"]}]},{\"@type\":\"WebPage\",\"@id\":\"https:\\\/\\\/boto.art.pl\\\/index.php\\\/2018\\\/08\\\/31\\\/koncert-kobiety-duo\\\/\",\"url\":\"https:\\\/\\\/boto.art.pl\\\/index.php\\\/2018\\\/08\\\/31\\\/koncert-kobiety-duo\\\/\",\"name\":\"Koncert Kobiety Duo &#8212; Teatr Boto\",\"isPartOf\":{\"@id\":\"https:\\\/\\\/boto.art.pl\\\/#website\"},\"primaryImageOfPage\":{\"@id\":\"https:\\\/\\\/boto.art.pl\\\/index.php\\\/2018\\\/08\\\/31\\\/koncert-kobiety-duo\\\/#primaryimage\"},\"image\":{\"@id\":\"https:\\\/\\\/boto.art.pl\\\/index.php\\\/2018\\\/08\\\/31\\\/koncert-kobiety-duo\\\/#primaryimage\"},\"thumbnailUrl\":\"https:\\\/\\\/boto.art.pl\\\/wp-content\\\/uploads\\\/2018\\\/10\\\/44198807_2195905994006303_725985915545059328_o.jpg\",\"datePublished\":\"2018-08-31T11:03:13+00:00\",\"dateModified\":\"2018-11-01T13:22:28+00:00\",\"breadcrumb\":{\"@id\":\"https:\\\/\\\/boto.art.pl\\\/index.php\\\/2018\\\/08\\\/31\\\/koncert-kobiety-duo\\\/#breadcrumb\"},\"inLanguage\":\"pl-PL\",\"potentialAction\":[{\"@type\":\"ReadAction\",\"target\":[\"https:\\\/\\\/boto.art.pl\\\/index.php\\\/2018\\\/08\\\/31\\\/koncert-kobiety-duo\\\/\"]}]},{\"@type\":\"ImageObject\",\"inLanguage\":\"pl-PL\",\"@id\":\"https:\\\/\\\/boto.art.pl\\\/index.php\\\/2018\\\/08\\\/31\\\/koncert-kobiety-duo\\\/#primaryimage\",\"url\":\"https:\\\/\\\/boto.art.pl\\\/wp-content\\\/uploads\\\/2018\\\/10\\\/44198807_2195905994006303_725985915545059328_o.jpg\",\"contentUrl\":\"https:\\\/\\\/boto.art.pl\\\/wp-content\\\/uploads\\\/2018\\\/10\\\/44198807_2195905994006303_725985915545059328_o.jpg\",\"width\":1200,\"height\":628},{\"@type\":\"BreadcrumbList\",\"@id\":\"https:\\\/\\\/boto.art.pl\\\/index.php\\\/2018\\\/08\\\/31\\\/koncert-kobiety-duo\\\/#breadcrumb\",\"itemListElement\":[{\"@type\":\"ListItem\",\"position\":1,\"name\":\"Strona g\u0142\u00f3wna\",\"item\":\"https:\\\/\\\/boto.art.pl\\\/\"},{\"@type\":\"ListItem\",\"position\":2,\"name\":\"Koncert Kobiety Duo\"}]},{\"@type\":\"WebSite\",\"@id\":\"https:\\\/\\\/boto.art.pl\\\/#website\",\"url\":\"https:\\\/\\\/boto.art.pl\\\/\",\"name\":\"Teatr Boto\",\"description\":\"\",\"publisher\":{\"@id\":\"https:\\\/\\\/boto.art.pl\\\/#organization\"},\"potentialAction\":[{\"@type\":\"SearchAction\",\"target\":{\"@type\":\"EntryPoint\",\"urlTemplate\":\"https:\\\/\\\/boto.art.pl\\\/?s={search_term_string}\"},\"query-input\":{\"@type\":\"PropertyValueSpecification\",\"valueRequired\":true,\"valueName\":\"search_term_string\"}}],\"inLanguage\":\"pl-PL\"},{\"@type\":\"Organization\",\"@id\":\"https:\\\/\\\/boto.art.pl\\\/#organization\",\"name\":\"Teatr Boto\",\"url\":\"https:\\\/\\\/boto.art.pl\\\/\",\"logo\":{\"@type\":\"ImageObject\",\"inLanguage\":\"pl-PL\",\"@id\":\"https:\\\/\\\/boto.art.pl\\\/#\\\/schema\\\/logo\\\/image\\\/\",\"url\":\"https:\\\/\\\/boto.art.pl\\\/wp-content\\\/uploads\\\/2018\\\/03\\\/logotyp.svg\",\"contentUrl\":\"https:\\\/\\\/boto.art.pl\\\/wp-content\\\/uploads\\\/2018\\\/03\\\/logotyp.svg\",\"width\":1,\"height\":1,\"caption\":\"Teatr Boto\"},\"image\":{\"@id\":\"https:\\\/\\\/boto.art.pl\\\/#\\\/schema\\\/logo\\\/image\\\/\"},\"sameAs\":[\"https:\\\/\\\/www.facebook.com\\\/teatrboto\",\"https:\\\/\\\/www.instagram.com\\\/teatr_boto\\\/\"]},{\"@type\":\"Person\",\"@id\":\"https:\\\/\\\/boto.art.pl\\\/#\\\/schema\\\/person\\\/32351b82314d51e0d0b8554bf8f95b4d\",\"name\":\"Boto\",\"image\":{\"@type\":\"ImageObject\",\"inLanguage\":\"pl-PL\",\"@id\":\"https:\\\/\\\/secure.gravatar.com\\\/avatar\\\/288f0389e19ee4a77a3bc15d367dc6c3aa38ec351ab562f6ebe60fbcdacabbef?s=96&d=mm&r=g\",\"url\":\"https:\\\/\\\/secure.gravatar.com\\\/avatar\\\/288f0389e19ee4a77a3bc15d367dc6c3aa38ec351ab562f6ebe60fbcdacabbef?s=96&d=mm&r=g\",\"contentUrl\":\"https:\\\/\\\/secure.gravatar.com\\\/avatar\\\/288f0389e19ee4a77a3bc15d367dc6c3aa38ec351ab562f6ebe60fbcdacabbef?s=96&d=mm&r=g\",\"caption\":\"Boto\"},\"url\":\"https:\\\/\\\/boto.art.pl\\\/index.php\\\/author\\\/boto\\\/\"}]}<\/script>\n<!-- \/ Yoast SEO plugin. -->","yoast_head_json":{"title":"Koncert Kobiety Duo &#8212; Teatr Boto","robots":{"index":"index","follow":"follow","max-snippet":"max-snippet:-1","max-image-preview":"max-image-preview:large","max-video-preview":"max-video-preview:-1"},"canonical":"https:\/\/boto.art.pl\/index.php\/2018\/08\/31\/koncert-kobiety-duo\/","og_locale":"pl_PL","og_type":"article","og_title":"Koncert Kobiety Duo &#8212; Teatr Boto","og_description":"31 pa\u017adziernika, 19.00 Porozmawiajmy o wra\u017cliwo\u015bci na drugiego cz\u0142owieka, porozmawiajmy o sytuacjach, w kt\u00f3rych kto\u015b mo\u017ce potrzebowa\u0107 naszej pomocy. Pod takimi has\u0142ami odb\u0119dzie si\u0119 nasze kolejne spotkanie przy d\u017awi\u0119kach muzyki.","og_url":"https:\/\/boto.art.pl\/index.php\/2018\/08\/31\/koncert-kobiety-duo\/","og_site_name":"Teatr Boto","article_publisher":"https:\/\/www.facebook.com\/teatrboto","article_published_time":"2018-08-31T11:03:13+00:00","article_modified_time":"2018-11-01T13:22:28+00:00","og_image":[{"width":1200,"height":628,"url":"https:\/\/boto.art.pl\/wp-content\/uploads\/2018\/10\/44198807_2195905994006303_725985915545059328_o.jpg","type":"image\/jpeg"}],"author":"Boto","twitter_card":"summary_large_image","twitter_misc":{"Napisane przez":"Boto","Szacowany czas czytania":"3 minuty"},"schema":{"@context":"https:\/\/schema.org","@graph":[{"@type":"Article","@id":"https:\/\/boto.art.pl\/index.php\/2018\/08\/31\/koncert-kobiety-duo\/#article","isPartOf":{"@id":"https:\/\/boto.art.pl\/index.php\/2018\/08\/31\/koncert-kobiety-duo\/"},"author":{"name":"Boto","@id":"https:\/\/boto.art.pl\/#\/schema\/person\/32351b82314d51e0d0b8554bf8f95b4d"},"headline":"Koncert Kobiety Duo","datePublished":"2018-08-31T11:03:13+00:00","dateModified":"2018-11-01T13:22:28+00:00","mainEntityOfPage":{"@id":"https:\/\/boto.art.pl\/index.php\/2018\/08\/31\/koncert-kobiety-duo\/"},"wordCount":533,"commentCount":0,"publisher":{"@id":"https:\/\/boto.art.pl\/#organization"},"image":{"@id":"https:\/\/boto.art.pl\/index.php\/2018\/08\/31\/koncert-kobiety-duo\/#primaryimage"},"thumbnailUrl":"https:\/\/boto.art.pl\/wp-content\/uploads\/2018\/10\/44198807_2195905994006303_725985915545059328_o.jpg","inLanguage":"pl-PL","potentialAction":[{"@type":"CommentAction","name":"Comment","target":["https:\/\/boto.art.pl\/index.php\/2018\/08\/31\/koncert-kobiety-duo\/#respond"]}]},{"@type":"WebPage","@id":"https:\/\/boto.art.pl\/index.php\/2018\/08\/31\/koncert-kobiety-duo\/","url":"https:\/\/boto.art.pl\/index.php\/2018\/08\/31\/koncert-kobiety-duo\/","name":"Koncert Kobiety Duo &#8212; Teatr Boto","isPartOf":{"@id":"https:\/\/boto.art.pl\/#website"},"primaryImageOfPage":{"@id":"https:\/\/boto.art.pl\/index.php\/2018\/08\/31\/koncert-kobiety-duo\/#primaryimage"},"image":{"@id":"https:\/\/boto.art.pl\/index.php\/2018\/08\/31\/koncert-kobiety-duo\/#primaryimage"},"thumbnailUrl":"https:\/\/boto.art.pl\/wp-content\/uploads\/2018\/10\/44198807_2195905994006303_725985915545059328_o.jpg","datePublished":"2018-08-31T11:03:13+00:00","dateModified":"2018-11-01T13:22:28+00:00","breadcrumb":{"@id":"https:\/\/boto.art.pl\/index.php\/2018\/08\/31\/koncert-kobiety-duo\/#breadcrumb"},"inLanguage":"pl-PL","potentialAction":[{"@type":"ReadAction","target":["https:\/\/boto.art.pl\/index.php\/2018\/08\/31\/koncert-kobiety-duo\/"]}]},{"@type":"ImageObject","inLanguage":"pl-PL","@id":"https:\/\/boto.art.pl\/index.php\/2018\/08\/31\/koncert-kobiety-duo\/#primaryimage","url":"https:\/\/boto.art.pl\/wp-content\/uploads\/2018\/10\/44198807_2195905994006303_725985915545059328_o.jpg","contentUrl":"https:\/\/boto.art.pl\/wp-content\/uploads\/2018\/10\/44198807_2195905994006303_725985915545059328_o.jpg","width":1200,"height":628},{"@type":"BreadcrumbList","@id":"https:\/\/boto.art.pl\/index.php\/2018\/08\/31\/koncert-kobiety-duo\/#breadcrumb","itemListElement":[{"@type":"ListItem","position":1,"name":"Strona g\u0142\u00f3wna","item":"https:\/\/boto.art.pl\/"},{"@type":"ListItem","position":2,"name":"Koncert Kobiety Duo"}]},{"@type":"WebSite","@id":"https:\/\/boto.art.pl\/#website","url":"https:\/\/boto.art.pl\/","name":"Teatr Boto","description":"","publisher":{"@id":"https:\/\/boto.art.pl\/#organization"},"potentialAction":[{"@type":"SearchAction","target":{"@type":"EntryPoint","urlTemplate":"https:\/\/boto.art.pl\/?s={search_term_string}"},"query-input":{"@type":"PropertyValueSpecification","valueRequired":true,"valueName":"search_term_string"}}],"inLanguage":"pl-PL"},{"@type":"Organization","@id":"https:\/\/boto.art.pl\/#organization","name":"Teatr Boto","url":"https:\/\/boto.art.pl\/","logo":{"@type":"ImageObject","inLanguage":"pl-PL","@id":"https:\/\/boto.art.pl\/#\/schema\/logo\/image\/","url":"https:\/\/boto.art.pl\/wp-content\/uploads\/2018\/03\/logotyp.svg","contentUrl":"https:\/\/boto.art.pl\/wp-content\/uploads\/2018\/03\/logotyp.svg","width":1,"height":1,"caption":"Teatr Boto"},"image":{"@id":"https:\/\/boto.art.pl\/#\/schema\/logo\/image\/"},"sameAs":["https:\/\/www.facebook.com\/teatrboto","https:\/\/www.instagram.com\/teatr_boto\/"]},{"@type":"Person","@id":"https:\/\/boto.art.pl\/#\/schema\/person\/32351b82314d51e0d0b8554bf8f95b4d","name":"Boto","image":{"@type":"ImageObject","inLanguage":"pl-PL","@id":"https:\/\/secure.gravatar.com\/avatar\/288f0389e19ee4a77a3bc15d367dc6c3aa38ec351ab562f6ebe60fbcdacabbef?s=96&d=mm&r=g","url":"https:\/\/secure.gravatar.com\/avatar\/288f0389e19ee4a77a3bc15d367dc6c3aa38ec351ab562f6ebe60fbcdacabbef?s=96&d=mm&r=g","contentUrl":"https:\/\/secure.gravatar.com\/avatar\/288f0389e19ee4a77a3bc15d367dc6c3aa38ec351ab562f6ebe60fbcdacabbef?s=96&d=mm&r=g","caption":"Boto"},"url":"https:\/\/boto.art.pl\/index.php\/author\/boto\/"}]}},"_links":{"self":[{"href":"https:\/\/boto.art.pl\/index.php\/wp-json\/wp\/v2\/posts\/53280","targetHints":{"allow":["GET"]}}],"collection":[{"href":"https:\/\/boto.art.pl\/index.php\/wp-json\/wp\/v2\/posts"}],"about":[{"href":"https:\/\/boto.art.pl\/index.php\/wp-json\/wp\/v2\/types\/post"}],"author":[{"embeddable":true,"href":"https:\/\/boto.art.pl\/index.php\/wp-json\/wp\/v2\/users\/2"}],"replies":[{"embeddable":true,"href":"https:\/\/boto.art.pl\/index.php\/wp-json\/wp\/v2\/comments?post=53280"}],"version-history":[{"count":1,"href":"https:\/\/boto.art.pl\/index.php\/wp-json\/wp\/v2\/posts\/53280\/revisions"}],"predecessor-version":[{"id":53282,"href":"https:\/\/boto.art.pl\/index.php\/wp-json\/wp\/v2\/posts\/53280\/revisions\/53282"}],"wp:featuredmedia":[{"embeddable":true,"href":"https:\/\/boto.art.pl\/index.php\/wp-json\/wp\/v2\/media\/53281"}],"wp:attachment":[{"href":"https:\/\/boto.art.pl\/index.php\/wp-json\/wp\/v2\/media?parent=53280"}],"wp:term":[{"taxonomy":"category","embeddable":true,"href":"https:\/\/boto.art.pl\/index.php\/wp-json\/wp\/v2\/categories?post=53280"},{"taxonomy":"post_tag","embeddable":true,"href":"https:\/\/boto.art.pl\/index.php\/wp-json\/wp\/v2\/tags?post=53280"}],"curies":[{"name":"wp","href":"https:\/\/api.w.org\/{rel}","templated":true}]}}