{"id":58686,"date":"2021-04-10T15:33:51","date_gmt":"2021-04-10T13:33:51","guid":{"rendered":"https:\/\/boto.art.pl\/?p=58686"},"modified":"2021-06-11T13:01:21","modified_gmt":"2021-06-11T11:01:21","slug":"boto-post-pandemicznie-tomasz-koper-michal-jan-ciesielski","status":"publish","type":"post","link":"https:\/\/boto.art.pl\/index.php\/2021\/04\/10\/boto-post-pandemicznie-tomasz-koper-michal-jan-ciesielski\/","title":{"rendered":"BOTO post-pandemicznie: Tomasz Koper \/ Micha\u0142 Jan Ciesielski"},"content":{"rendered":"<p>[et_pb_section fb_built=&#8221;1&#8243; admin_label=&#8221;Du\u017ce zdj\u0119cie&#8221; _builder_version=&#8221;4.9.4&#8243; background_image=&#8221;https:\/\/boto.art.pl\/wp-content\/uploads\/2021\/04\/109626478_1443393109204425_4148095342499472126_o-1080&#215;675-1.jpg&#8221; parallax=&#8221;on&#8221; custom_margin=&#8221;|||&#8221; custom_padding=&#8221;0px|0px|134px|0px&#8221; hover_enabled=&#8221;0&#8243; title_text=&#8221;109626478_1443393109204425_4148095342499472126_o-1080&#215;675&#8243; sticky_enabled=&#8221;0&#8243;][et_pb_row _builder_version=&#8221;3.25&#8243; custom_padding=&#8221;21px|0px|4px|50px&#8221;][et_pb_column type=&#8221;4_4&#8243; _builder_version=&#8221;3.25&#8243; custom_padding=&#8221;|||&#8221; custom_padding__hover=&#8221;|||&#8221;][et_pb_text admin_label=&#8221;Tytu\u0142&#8221; _builder_version=&#8221;4.9.4&#8243; text_font=&#8221;|700||on|||||&#8221; text_font_size=&#8221;34px&#8221; background_layout=&#8221;dark&#8221; custom_padding=&#8221;200px|||&#8221; text_text_shadow_style=&#8221;preset4&#8243; text_text_shadow_horizontal_length=&#8221;0.07em&#8221; text_text_shadow_color=&#8221;rgba(0,0,0,0.83)&#8221;]<\/p>\n<p>BOTO post-pandemicznie: Tomasz Koper \/ Micha\u0142 Jan Ciesielski<\/p>\n<p>[\/et_pb_text][et_pb_text admin_label=&#8221;Data&#8221; _builder_version=&#8221;4.9.4&#8243; text_font=&#8221;|||on|||||&#8221; text_font_size=&#8221;30px&#8221; background_layout=&#8221;dark&#8221; text_text_shadow_style=&#8221;preset4&#8243; text_text_shadow_horizontal_length=&#8221;0.07em&#8221; text_text_shadow_color=&#8221;rgba(0,0,0,0.85)&#8221;]<\/p>\n<p>10 czerwca, 21:00<\/p>\n<p>[\/et_pb_text][\/et_pb_column][\/et_pb_row][\/et_pb_section][et_pb_section fb_built=&#8221;1&#8243; _builder_version=&#8221;3.22&#8243; custom_margin=&#8221;0px|||&#8221; custom_padding=&#8221;0px|0px|0px|0px&#8221;][et_pb_row column_structure=&#8221;2_3,1_3&#8243; _builder_version=&#8221;3.25&#8243; background_size=&#8221;initial&#8221; background_position=&#8221;top_left&#8221; background_repeat=&#8221;repeat&#8221; custom_padding=&#8221;80px|0px|27px|47px&#8221;][et_pb_column type=&#8221;2_3&#8243; _builder_version=&#8221;3.25&#8243; custom_padding=&#8221;|||&#8221; custom_padding__hover=&#8221;|||&#8221;][et_pb_text admin_label=&#8221;Tekst w\u0142a\u015bciwy&#8221; _builder_version=&#8221;4.9.4&#8243; hover_enabled=&#8221;0&#8243; sticky_enabled=&#8221;0&#8243;]<\/p>\n<div class=\"kvgmc6g5 cxmmr5t8 oygrvhab hcukyx3x c1et5uql\"><strong>Post-pandemiczne jazzowe czwartki. Nie b\u0119dzie to jam, nie b\u0119dzie to koncert, ale b\u0119dzie to spotkanie dw\u00f3ch chc\u0105cych podialogowa\u0107 ze sob\u0105 muzyk\u00f3w.<\/strong><\/div>\n<div>\u00a0<\/div>\n<div class=\"o9v6fnle cxmmr5t8 oygrvhab hcukyx3x c1et5uql\"><strong>Tomasz Koper<\/strong> &#8211; perkusja<br \/><strong>Micha\u0142 Jan Ciesielski<\/strong> &#8211; saksofon<\/div>\n<div class=\"o9v6fnle cxmmr5t8 oygrvhab hcukyx3x c1et5uql\">\u00a0<\/div>\n<div class=\"o9v6fnle cxmmr5t8 oygrvhab hcukyx3x c1et5uql\"><strong>Tomasz Koper<\/strong> \u2013 absolwent Pa\u0144stwowej Szko\u0142y Muzycznej I-go stopnia im. F. Chopina w Olsztynie w klasie perkusji.<br \/>Umiej\u0119tno\u015bci gry na zestawie perkusyjnym rozwija\u0142 g\u0142\u00f3wnie jako samouk. Od lat zwi\u0105zany z m\u0142od\u0105 tr\u00f3jmiejsk\u0105 scen\u0105 jazzow\u0105.<br \/>Wraz z zespo\u0142ami Sekstans oraz Tomasz Chy\u0142a Quintet zdoby\u0142 liczne nagrody i wyr\u00f3\u017cnienia na krajowych festiwalach, konkursach<br \/>i przegl\u0105dach zespo\u0142\u00f3w jazzowych. Swobodnie porusza si\u0119 w r\u00f3\u017cnych stylistykach muzycznych. Obecnie udziela si\u0119 mi\u0119dzy innymi w grupach Daniel Hertzov oraz Zgni\u0142o\u015b\u0107.<\/div>\n<div class=\"o9v6fnle cxmmr5t8 oygrvhab hcukyx3x c1et5uql\">\u00a0<\/div>\n<div class=\"o9v6fnle cxmmr5t8 oygrvhab hcukyx3x c1et5uql\"><strong>Micha\u0142 Jan Ciesielski<\/strong> &#8211; saksofonista, kompozytor, aran\u017cer i in\u017cynier d\u017awi\u0119ku, Przedstawiciel tr\u00f3jmiejskiej sceny jazzowej. Absolwent Akademii Muzycznej w Gda\u0144sku w klasie saksofonu jazzowego Macieja Sika\u0142y. Studiowa\u0142 w Codarts University for the Arts w Rotterdamie. Wsp\u00f3\u0142tworzy formacje Quantum Trio, Jan Konop Big Band, Zgni\u0142o\u015b\u0107, Tymon Tyma\u0144ski &amp; Mu.<\/div>\n<div class=\"o9v6fnle cxmmr5t8 oygrvhab hcukyx3x c1et5uql\">\u00a0<\/div>\n<div>\u00a0<\/div>\n<div class=\"o9v6fnle cxmmr5t8 oygrvhab hcukyx3x c1et5uql\">****<br \/><strong>Obowi\u0105zuj\u0105 nast\u0119puj\u0105ce wytyczne:<\/strong><br \/>\u2013maseczki zas\u0142aniaj\u0105ce usta i nos<br \/>\u2013 przed wej\u015bciem na g\u00f3r\u0119 nale\u017cy zdezynfekowa\u0107 r\u0119ce<br \/>\u2013 przed wej\u015bciem ka\u017cdy z uczestnik\u00f3w zostanie poproszony o z\u0142o\u017cenie obowi\u0105zkowego pisemnego o\u015bwiadczeni, \u017ce uczestnik, wed\u0142ug swojej najlepszej wiedzy, nie jest osob\u0105 zaka\u017con\u0105 oraz nie przebywa na kwarantannie lub pod nadzorem epidemiologicznym<\/div>\n<p>[\/et_pb_text][\/et_pb_column][et_pb_column type=&#8221;1_3&#8243; _builder_version=&#8221;3.25&#8243; custom_padding=&#8221;|||&#8221; custom_padding__hover=&#8221;|||&#8221;][et_pb_divider color=&#8221;#e0e0e0&#8243; _builder_version=&#8221;3.2&#8243;][\/et_pb_divider][et_pb_testimonial author=&#8221;Bilety online &#8211; przejd\u017a&#8221; url=&#8221;https:\/\/goout.net\/pl\/teatry\/teatr-boto\/itjd\/&#8221; url_new_window=&#8221;on&#8221; quote_icon=&#8221;off&#8221; admin_label=&#8221;Bilety &#8211; informacja&#8221; _builder_version=&#8221;4.9.4&#8243;]<\/p>\n<p><strong><span class=\"text_exposed_show\">Bilety: 20 z\u0142<\/span><\/strong><\/p>\n<p>[\/et_pb_testimonial][et_pb_divider color=&#8221;#e0e0e0&#8243; _builder_version=&#8221;3.2&#8243;][\/et_pb_divider][et_pb_map address=&#8221;Bohater\u00f3w Monte Cassino 54B, Sopot, Polska&#8221; address_lat=&#8221;54.443947&#8243; address_lng=&#8221;18.567788&#8243; _builder_version=&#8221;3.0.93&#8243;][et_pb_map_pin title=&#8221;Teatr i Baroteka BOTO&#8221; pin_address=&#8221;Bohater\u00f3w Monte Cassino 54B, Sopot, Polska&#8221; pin_address_lat=&#8221;54.443947&#8243; pin_address_lng=&#8221;18.567788&#8243; _builder_version=&#8221;3.0.93&#8243;]<\/p>\n<p>Teatr i Baroteka BOTO<br \/> ul. Bohater\u00f3w Monte Cassino 54B<br \/> 81-758 Sopot<\/p>\n<p>[\/et_pb_map_pin][\/et_pb_map][\/et_pb_column][\/et_pb_row][\/et_pb_section]<\/p>\n","protected":false},"excerpt":{"rendered":"<blockquote><p><strong>10 czerwca, 21:00<\/strong><\/p><\/blockquote>\n<p>Post-pandemiczne jazzowe czwartki. Nie b\u0119dzie to jam, nie b\u0119dzie to koncert, ale b\u0119dzie to spotkanie dw\u00f3ch chc\u0105cych podialogowa\u0107 ze sob\u0105 muzyk\u00f3w.<\/p>\n","protected":false},"author":2,"featured_media":58694,"comment_status":"open","ping_status":"open","sticky":false,"template":"","format":"standard","meta":{"_et_pb_use_builder":"on","_et_pb_old_content":"","_et_gb_content_width":"","inline_featured_image":false,"footnotes":""},"categories":[18],"tags":[],"class_list":["post-58686","post","type-post","status-publish","format-standard","has-post-thumbnail","hentry","category-boto-wild-jam"],"yoast_head":"<!-- This site is optimized with the Yoast SEO plugin v27.5 - https:\/\/yoast.com\/product\/yoast-seo-wordpress\/ -->\n<title>BOTO post-pandemicznie: Tomasz Koper \/ Micha\u0142 Jan Ciesielski &#8212; Teatr Boto<\/title>\n<meta name=\"robots\" content=\"index, follow, max-snippet:-1, max-image-preview:large, max-video-preview:-1\" \/>\n<link rel=\"canonical\" href=\"https:\/\/boto.art.pl\/index.php\/2021\/04\/10\/boto-post-pandemicznie-tomasz-koper-michal-jan-ciesielski\/\" \/>\n<meta property=\"og:locale\" content=\"pl_PL\" \/>\n<meta property=\"og:type\" content=\"article\" \/>\n<meta property=\"og:title\" content=\"BOTO post-pandemicznie: Tomasz Koper \/ Micha\u0142 Jan Ciesielski &#8212; Teatr Boto\" \/>\n<meta property=\"og:description\" content=\"10 czerwca, 21:00 Post-pandemiczne jazzowe czwartki. Nie b\u0119dzie to jam, nie b\u0119dzie to koncert, ale b\u0119dzie to spotkanie dw\u00f3ch chc\u0105cych podialogowa\u0107 ze sob\u0105 muzyk\u00f3w.\" \/>\n<meta property=\"og:url\" content=\"https:\/\/boto.art.pl\/index.php\/2021\/04\/10\/boto-post-pandemicznie-tomasz-koper-michal-jan-ciesielski\/\" \/>\n<meta property=\"og:site_name\" content=\"Teatr Boto\" \/>\n<meta property=\"article:publisher\" content=\"https:\/\/www.facebook.com\/teatrboto\" \/>\n<meta property=\"article:published_time\" content=\"2021-04-10T13:33:51+00:00\" \/>\n<meta property=\"article:modified_time\" content=\"2021-06-11T11:01:21+00:00\" \/>\n<meta property=\"og:image\" content=\"https:\/\/boto.art.pl\/wp-content\/uploads\/2021\/04\/109626478_1443393109204425_4148095342499472126_o-1080x675-1.jpg\" \/>\n\t<meta property=\"og:image:width\" content=\"1126\" \/>\n\t<meta property=\"og:image:height\" content=\"524\" \/>\n\t<meta property=\"og:image:type\" content=\"image\/jpeg\" \/>\n<meta name=\"author\" content=\"Boto\" \/>\n<meta name=\"twitter:card\" content=\"summary_large_image\" \/>\n<meta name=\"twitter:label1\" content=\"Napisane przez\" \/>\n\t<meta name=\"twitter:data1\" content=\"Boto\" \/>\n\t<meta name=\"twitter:label2\" content=\"Szacowany czas czytania\" \/>\n\t<meta name=\"twitter:data2\" content=\"2 minuty\" \/>\n<script type=\"application\/ld+json\" class=\"yoast-schema-graph\">{\"@context\":\"https:\\\/\\\/schema.org\",\"@graph\":[{\"@type\":\"Article\",\"@id\":\"https:\\\/\\\/boto.art.pl\\\/index.php\\\/2021\\\/04\\\/10\\\/boto-post-pandemicznie-tomasz-koper-michal-jan-ciesielski\\\/#article\",\"isPartOf\":{\"@id\":\"https:\\\/\\\/boto.art.pl\\\/index.php\\\/2021\\\/04\\\/10\\\/boto-post-pandemicznie-tomasz-koper-michal-jan-ciesielski\\\/\"},\"author\":{\"name\":\"Boto\",\"@id\":\"https:\\\/\\\/boto.art.pl\\\/#\\\/schema\\\/person\\\/32351b82314d51e0d0b8554bf8f95b4d\"},\"headline\":\"BOTO post-pandemicznie: Tomasz Koper \\\/ Micha\u0142 Jan Ciesielski\",\"datePublished\":\"2021-04-10T13:33:51+00:00\",\"dateModified\":\"2021-06-11T11:01:21+00:00\",\"mainEntityOfPage\":{\"@id\":\"https:\\\/\\\/boto.art.pl\\\/index.php\\\/2021\\\/04\\\/10\\\/boto-post-pandemicznie-tomasz-koper-michal-jan-ciesielski\\\/\"},\"wordCount\":622,\"commentCount\":0,\"publisher\":{\"@id\":\"https:\\\/\\\/boto.art.pl\\\/#organization\"},\"image\":{\"@id\":\"https:\\\/\\\/boto.art.pl\\\/index.php\\\/2021\\\/04\\\/10\\\/boto-post-pandemicznie-tomasz-koper-michal-jan-ciesielski\\\/#primaryimage\"},\"thumbnailUrl\":\"https:\\\/\\\/boto.art.pl\\\/wp-content\\\/uploads\\\/2021\\\/04\\\/109626478_1443393109204425_4148095342499472126_o-1080x675-1.jpg\",\"articleSection\":[\"boto wild jam\"],\"inLanguage\":\"pl-PL\",\"potentialAction\":[{\"@type\":\"CommentAction\",\"name\":\"Comment\",\"target\":[\"https:\\\/\\\/boto.art.pl\\\/index.php\\\/2021\\\/04\\\/10\\\/boto-post-pandemicznie-tomasz-koper-michal-jan-ciesielski\\\/#respond\"]}]},{\"@type\":\"WebPage\",\"@id\":\"https:\\\/\\\/boto.art.pl\\\/index.php\\\/2021\\\/04\\\/10\\\/boto-post-pandemicznie-tomasz-koper-michal-jan-ciesielski\\\/\",\"url\":\"https:\\\/\\\/boto.art.pl\\\/index.php\\\/2021\\\/04\\\/10\\\/boto-post-pandemicznie-tomasz-koper-michal-jan-ciesielski\\\/\",\"name\":\"BOTO post-pandemicznie: Tomasz Koper \\\/ Micha\u0142 Jan Ciesielski &#8212; Teatr Boto\",\"isPartOf\":{\"@id\":\"https:\\\/\\\/boto.art.pl\\\/#website\"},\"primaryImageOfPage\":{\"@id\":\"https:\\\/\\\/boto.art.pl\\\/index.php\\\/2021\\\/04\\\/10\\\/boto-post-pandemicznie-tomasz-koper-michal-jan-ciesielski\\\/#primaryimage\"},\"image\":{\"@id\":\"https:\\\/\\\/boto.art.pl\\\/index.php\\\/2021\\\/04\\\/10\\\/boto-post-pandemicznie-tomasz-koper-michal-jan-ciesielski\\\/#primaryimage\"},\"thumbnailUrl\":\"https:\\\/\\\/boto.art.pl\\\/wp-content\\\/uploads\\\/2021\\\/04\\\/109626478_1443393109204425_4148095342499472126_o-1080x675-1.jpg\",\"datePublished\":\"2021-04-10T13:33:51+00:00\",\"dateModified\":\"2021-06-11T11:01:21+00:00\",\"breadcrumb\":{\"@id\":\"https:\\\/\\\/boto.art.pl\\\/index.php\\\/2021\\\/04\\\/10\\\/boto-post-pandemicznie-tomasz-koper-michal-jan-ciesielski\\\/#breadcrumb\"},\"inLanguage\":\"pl-PL\",\"potentialAction\":[{\"@type\":\"ReadAction\",\"target\":[\"https:\\\/\\\/boto.art.pl\\\/index.php\\\/2021\\\/04\\\/10\\\/boto-post-pandemicznie-tomasz-koper-michal-jan-ciesielski\\\/\"]}]},{\"@type\":\"ImageObject\",\"inLanguage\":\"pl-PL\",\"@id\":\"https:\\\/\\\/boto.art.pl\\\/index.php\\\/2021\\\/04\\\/10\\\/boto-post-pandemicznie-tomasz-koper-michal-jan-ciesielski\\\/#primaryimage\",\"url\":\"https:\\\/\\\/boto.art.pl\\\/wp-content\\\/uploads\\\/2021\\\/04\\\/109626478_1443393109204425_4148095342499472126_o-1080x675-1.jpg\",\"contentUrl\":\"https:\\\/\\\/boto.art.pl\\\/wp-content\\\/uploads\\\/2021\\\/04\\\/109626478_1443393109204425_4148095342499472126_o-1080x675-1.jpg\",\"width\":1126,\"height\":524},{\"@type\":\"BreadcrumbList\",\"@id\":\"https:\\\/\\\/boto.art.pl\\\/index.php\\\/2021\\\/04\\\/10\\\/boto-post-pandemicznie-tomasz-koper-michal-jan-ciesielski\\\/#breadcrumb\",\"itemListElement\":[{\"@type\":\"ListItem\",\"position\":1,\"name\":\"Strona g\u0142\u00f3wna\",\"item\":\"https:\\\/\\\/boto.art.pl\\\/\"},{\"@type\":\"ListItem\",\"position\":2,\"name\":\"BOTO post-pandemicznie: Tomasz Koper \\\/ Micha\u0142 Jan Ciesielski\"}]},{\"@type\":\"WebSite\",\"@id\":\"https:\\\/\\\/boto.art.pl\\\/#website\",\"url\":\"https:\\\/\\\/boto.art.pl\\\/\",\"name\":\"Teatr Boto\",\"description\":\"\",\"publisher\":{\"@id\":\"https:\\\/\\\/boto.art.pl\\\/#organization\"},\"potentialAction\":[{\"@type\":\"SearchAction\",\"target\":{\"@type\":\"EntryPoint\",\"urlTemplate\":\"https:\\\/\\\/boto.art.pl\\\/?s={search_term_string}\"},\"query-input\":{\"@type\":\"PropertyValueSpecification\",\"valueRequired\":true,\"valueName\":\"search_term_string\"}}],\"inLanguage\":\"pl-PL\"},{\"@type\":\"Organization\",\"@id\":\"https:\\\/\\\/boto.art.pl\\\/#organization\",\"name\":\"Teatr Boto\",\"url\":\"https:\\\/\\\/boto.art.pl\\\/\",\"logo\":{\"@type\":\"ImageObject\",\"inLanguage\":\"pl-PL\",\"@id\":\"https:\\\/\\\/boto.art.pl\\\/#\\\/schema\\\/logo\\\/image\\\/\",\"url\":\"https:\\\/\\\/boto.art.pl\\\/wp-content\\\/uploads\\\/2018\\\/03\\\/logotyp.svg\",\"contentUrl\":\"https:\\\/\\\/boto.art.pl\\\/wp-content\\\/uploads\\\/2018\\\/03\\\/logotyp.svg\",\"width\":1,\"height\":1,\"caption\":\"Teatr Boto\"},\"image\":{\"@id\":\"https:\\\/\\\/boto.art.pl\\\/#\\\/schema\\\/logo\\\/image\\\/\"},\"sameAs\":[\"https:\\\/\\\/www.facebook.com\\\/teatrboto\",\"https:\\\/\\\/www.instagram.com\\\/teatr_boto\\\/\"]},{\"@type\":\"Person\",\"@id\":\"https:\\\/\\\/boto.art.pl\\\/#\\\/schema\\\/person\\\/32351b82314d51e0d0b8554bf8f95b4d\",\"name\":\"Boto\",\"image\":{\"@type\":\"ImageObject\",\"inLanguage\":\"pl-PL\",\"@id\":\"https:\\\/\\\/secure.gravatar.com\\\/avatar\\\/288f0389e19ee4a77a3bc15d367dc6c3aa38ec351ab562f6ebe60fbcdacabbef?s=96&d=mm&r=g\",\"url\":\"https:\\\/\\\/secure.gravatar.com\\\/avatar\\\/288f0389e19ee4a77a3bc15d367dc6c3aa38ec351ab562f6ebe60fbcdacabbef?s=96&d=mm&r=g\",\"contentUrl\":\"https:\\\/\\\/secure.gravatar.com\\\/avatar\\\/288f0389e19ee4a77a3bc15d367dc6c3aa38ec351ab562f6ebe60fbcdacabbef?s=96&d=mm&r=g\",\"caption\":\"Boto\"},\"url\":\"https:\\\/\\\/boto.art.pl\\\/index.php\\\/author\\\/boto\\\/\"}]}<\/script>\n<!-- \/ Yoast SEO plugin. -->","yoast_head_json":{"title":"BOTO post-pandemicznie: Tomasz Koper \/ Micha\u0142 Jan Ciesielski &#8212; Teatr Boto","robots":{"index":"index","follow":"follow","max-snippet":"max-snippet:-1","max-image-preview":"max-image-preview:large","max-video-preview":"max-video-preview:-1"},"canonical":"https:\/\/boto.art.pl\/index.php\/2021\/04\/10\/boto-post-pandemicznie-tomasz-koper-michal-jan-ciesielski\/","og_locale":"pl_PL","og_type":"article","og_title":"BOTO post-pandemicznie: Tomasz Koper \/ Micha\u0142 Jan Ciesielski &#8212; Teatr Boto","og_description":"10 czerwca, 21:00 Post-pandemiczne jazzowe czwartki. Nie b\u0119dzie to jam, nie b\u0119dzie to koncert, ale b\u0119dzie to spotkanie dw\u00f3ch chc\u0105cych podialogowa\u0107 ze sob\u0105 muzyk\u00f3w.","og_url":"https:\/\/boto.art.pl\/index.php\/2021\/04\/10\/boto-post-pandemicznie-tomasz-koper-michal-jan-ciesielski\/","og_site_name":"Teatr Boto","article_publisher":"https:\/\/www.facebook.com\/teatrboto","article_published_time":"2021-04-10T13:33:51+00:00","article_modified_time":"2021-06-11T11:01:21+00:00","og_image":[{"width":1126,"height":524,"url":"https:\/\/boto.art.pl\/wp-content\/uploads\/2021\/04\/109626478_1443393109204425_4148095342499472126_o-1080x675-1.jpg","type":"image\/jpeg"}],"author":"Boto","twitter_card":"summary_large_image","twitter_misc":{"Napisane przez":"Boto","Szacowany czas czytania":"2 minuty"},"schema":{"@context":"https:\/\/schema.org","@graph":[{"@type":"Article","@id":"https:\/\/boto.art.pl\/index.php\/2021\/04\/10\/boto-post-pandemicznie-tomasz-koper-michal-jan-ciesielski\/#article","isPartOf":{"@id":"https:\/\/boto.art.pl\/index.php\/2021\/04\/10\/boto-post-pandemicznie-tomasz-koper-michal-jan-ciesielski\/"},"author":{"name":"Boto","@id":"https:\/\/boto.art.pl\/#\/schema\/person\/32351b82314d51e0d0b8554bf8f95b4d"},"headline":"BOTO post-pandemicznie: Tomasz Koper \/ Micha\u0142 Jan Ciesielski","datePublished":"2021-04-10T13:33:51+00:00","dateModified":"2021-06-11T11:01:21+00:00","mainEntityOfPage":{"@id":"https:\/\/boto.art.pl\/index.php\/2021\/04\/10\/boto-post-pandemicznie-tomasz-koper-michal-jan-ciesielski\/"},"wordCount":622,"commentCount":0,"publisher":{"@id":"https:\/\/boto.art.pl\/#organization"},"image":{"@id":"https:\/\/boto.art.pl\/index.php\/2021\/04\/10\/boto-post-pandemicznie-tomasz-koper-michal-jan-ciesielski\/#primaryimage"},"thumbnailUrl":"https:\/\/boto.art.pl\/wp-content\/uploads\/2021\/04\/109626478_1443393109204425_4148095342499472126_o-1080x675-1.jpg","articleSection":["boto wild jam"],"inLanguage":"pl-PL","potentialAction":[{"@type":"CommentAction","name":"Comment","target":["https:\/\/boto.art.pl\/index.php\/2021\/04\/10\/boto-post-pandemicznie-tomasz-koper-michal-jan-ciesielski\/#respond"]}]},{"@type":"WebPage","@id":"https:\/\/boto.art.pl\/index.php\/2021\/04\/10\/boto-post-pandemicznie-tomasz-koper-michal-jan-ciesielski\/","url":"https:\/\/boto.art.pl\/index.php\/2021\/04\/10\/boto-post-pandemicznie-tomasz-koper-michal-jan-ciesielski\/","name":"BOTO post-pandemicznie: Tomasz Koper \/ Micha\u0142 Jan Ciesielski &#8212; Teatr Boto","isPartOf":{"@id":"https:\/\/boto.art.pl\/#website"},"primaryImageOfPage":{"@id":"https:\/\/boto.art.pl\/index.php\/2021\/04\/10\/boto-post-pandemicznie-tomasz-koper-michal-jan-ciesielski\/#primaryimage"},"image":{"@id":"https:\/\/boto.art.pl\/index.php\/2021\/04\/10\/boto-post-pandemicznie-tomasz-koper-michal-jan-ciesielski\/#primaryimage"},"thumbnailUrl":"https:\/\/boto.art.pl\/wp-content\/uploads\/2021\/04\/109626478_1443393109204425_4148095342499472126_o-1080x675-1.jpg","datePublished":"2021-04-10T13:33:51+00:00","dateModified":"2021-06-11T11:01:21+00:00","breadcrumb":{"@id":"https:\/\/boto.art.pl\/index.php\/2021\/04\/10\/boto-post-pandemicznie-tomasz-koper-michal-jan-ciesielski\/#breadcrumb"},"inLanguage":"pl-PL","potentialAction":[{"@type":"ReadAction","target":["https:\/\/boto.art.pl\/index.php\/2021\/04\/10\/boto-post-pandemicznie-tomasz-koper-michal-jan-ciesielski\/"]}]},{"@type":"ImageObject","inLanguage":"pl-PL","@id":"https:\/\/boto.art.pl\/index.php\/2021\/04\/10\/boto-post-pandemicznie-tomasz-koper-michal-jan-ciesielski\/#primaryimage","url":"https:\/\/boto.art.pl\/wp-content\/uploads\/2021\/04\/109626478_1443393109204425_4148095342499472126_o-1080x675-1.jpg","contentUrl":"https:\/\/boto.art.pl\/wp-content\/uploads\/2021\/04\/109626478_1443393109204425_4148095342499472126_o-1080x675-1.jpg","width":1126,"height":524},{"@type":"BreadcrumbList","@id":"https:\/\/boto.art.pl\/index.php\/2021\/04\/10\/boto-post-pandemicznie-tomasz-koper-michal-jan-ciesielski\/#breadcrumb","itemListElement":[{"@type":"ListItem","position":1,"name":"Strona g\u0142\u00f3wna","item":"https:\/\/boto.art.pl\/"},{"@type":"ListItem","position":2,"name":"BOTO post-pandemicznie: Tomasz Koper \/ Micha\u0142 Jan Ciesielski"}]},{"@type":"WebSite","@id":"https:\/\/boto.art.pl\/#website","url":"https:\/\/boto.art.pl\/","name":"Teatr Boto","description":"","publisher":{"@id":"https:\/\/boto.art.pl\/#organization"},"potentialAction":[{"@type":"SearchAction","target":{"@type":"EntryPoint","urlTemplate":"https:\/\/boto.art.pl\/?s={search_term_string}"},"query-input":{"@type":"PropertyValueSpecification","valueRequired":true,"valueName":"search_term_string"}}],"inLanguage":"pl-PL"},{"@type":"Organization","@id":"https:\/\/boto.art.pl\/#organization","name":"Teatr Boto","url":"https:\/\/boto.art.pl\/","logo":{"@type":"ImageObject","inLanguage":"pl-PL","@id":"https:\/\/boto.art.pl\/#\/schema\/logo\/image\/","url":"https:\/\/boto.art.pl\/wp-content\/uploads\/2018\/03\/logotyp.svg","contentUrl":"https:\/\/boto.art.pl\/wp-content\/uploads\/2018\/03\/logotyp.svg","width":1,"height":1,"caption":"Teatr Boto"},"image":{"@id":"https:\/\/boto.art.pl\/#\/schema\/logo\/image\/"},"sameAs":["https:\/\/www.facebook.com\/teatrboto","https:\/\/www.instagram.com\/teatr_boto\/"]},{"@type":"Person","@id":"https:\/\/boto.art.pl\/#\/schema\/person\/32351b82314d51e0d0b8554bf8f95b4d","name":"Boto","image":{"@type":"ImageObject","inLanguage":"pl-PL","@id":"https:\/\/secure.gravatar.com\/avatar\/288f0389e19ee4a77a3bc15d367dc6c3aa38ec351ab562f6ebe60fbcdacabbef?s=96&d=mm&r=g","url":"https:\/\/secure.gravatar.com\/avatar\/288f0389e19ee4a77a3bc15d367dc6c3aa38ec351ab562f6ebe60fbcdacabbef?s=96&d=mm&r=g","contentUrl":"https:\/\/secure.gravatar.com\/avatar\/288f0389e19ee4a77a3bc15d367dc6c3aa38ec351ab562f6ebe60fbcdacabbef?s=96&d=mm&r=g","caption":"Boto"},"url":"https:\/\/boto.art.pl\/index.php\/author\/boto\/"}]}},"_links":{"self":[{"href":"https:\/\/boto.art.pl\/index.php\/wp-json\/wp\/v2\/posts\/58686","targetHints":{"allow":["GET"]}}],"collection":[{"href":"https:\/\/boto.art.pl\/index.php\/wp-json\/wp\/v2\/posts"}],"about":[{"href":"https:\/\/boto.art.pl\/index.php\/wp-json\/wp\/v2\/types\/post"}],"author":[{"embeddable":true,"href":"https:\/\/boto.art.pl\/index.php\/wp-json\/wp\/v2\/users\/2"}],"replies":[{"embeddable":true,"href":"https:\/\/boto.art.pl\/index.php\/wp-json\/wp\/v2\/comments?post=58686"}],"version-history":[{"count":4,"href":"https:\/\/boto.art.pl\/index.php\/wp-json\/wp\/v2\/posts\/58686\/revisions"}],"predecessor-version":[{"id":58695,"href":"https:\/\/boto.art.pl\/index.php\/wp-json\/wp\/v2\/posts\/58686\/revisions\/58695"}],"wp:featuredmedia":[{"embeddable":true,"href":"https:\/\/boto.art.pl\/index.php\/wp-json\/wp\/v2\/media\/58694"}],"wp:attachment":[{"href":"https:\/\/boto.art.pl\/index.php\/wp-json\/wp\/v2\/media?parent=58686"}],"wp:term":[{"taxonomy":"category","embeddable":true,"href":"https:\/\/boto.art.pl\/index.php\/wp-json\/wp\/v2\/categories?post=58686"},{"taxonomy":"post_tag","embeddable":true,"href":"https:\/\/boto.art.pl\/index.php\/wp-json\/wp\/v2\/tags?post=58686"}],"curies":[{"name":"wp","href":"https:\/\/api.w.org\/{rel}","templated":true}]}}