{"id":59634,"date":"2021-06-06T22:47:51","date_gmt":"2021-06-06T20:47:51","guid":{"rendered":"https:\/\/boto.art.pl\/?p=59634"},"modified":"2021-08-20T13:42:43","modified_gmt":"2021-08-20T11:42:43","slug":"kogo-zobaczymy-na-v-sopockich-konsekwecjach-teatralnych","status":"publish","type":"post","link":"https:\/\/boto.art.pl\/index.php\/2021\/06\/06\/kogo-zobaczymy-na-v-sopockich-konsekwecjach-teatralnych\/","title":{"rendered":"Kogo zobaczymy na V Sopockich Konsekwecjach Teatralnych"},"content":{"rendered":"<p>[et_pb_section fb_built=&#8221;1&#8243; _builder_version=&#8221;4.9.10&#8243; _module_preset=&#8221;default&#8221;][et_pb_row _builder_version=&#8221;4.9.10&#8243; _module_preset=&#8221;default&#8221;][et_pb_column _builder_version=&#8221;4.9.10&#8243; _module_preset=&#8221;default&#8221; type=&#8221;4_4&#8243;][et_pb_text _builder_version=&#8221;4.9.10&#8243; _module_preset=&#8221;default&#8221; hover_enabled=&#8221;0&#8243; sticky_enabled=&#8221;0&#8243;]<\/p>\n<div><strong>Szanowni Pa\u0144stwo,<\/strong><\/div>\n<div>\u00a0<\/div>\n<div><strong>bardzo dzi\u0119kujemy za wszystkie nades\u0142ane zg\u0142oszenia oraz za cierpliwo\u015b\u0107 w trakcie oczekiwania na wyniki. Z przyjemno\u015bci\u0105 informujemy, \u017ce do tegorocznych Sopockich Konsekwencji Teatralnych zakwalifikowali\u015bmy nast\u0119puj\u0105ce spektakle:<\/strong><\/div>\n<div>\u00a0<\/div>\n<div>\u00a0<\/div>\n<div><strong>&#8211; Teatr im. J.Osterwy w Gorzowie Wlkp. &#8222;Karol. Nowy \u0142ad \u015bwiata&#8221;<\/strong><\/div>\n<div>\n<div>\u00a0<\/div>\n<div><strong>&#8211; Przemys\u0142aw Wasilkowski \u201eBallyturk\u201d<\/strong><\/div>\n<\/div>\n<div>\u00a0<\/div>\n<div><strong>&#8211; NAO, czyli Nieznana Aktorka Opowiada &#8222;\u015amier\u0107. Stan ci\u0119\u017cki do okre\u015blenia&#8221;<\/strong><\/div>\n<div>\u00a0<\/div>\n<div><strong>&#8211; Kolektyw Teatralny BABUSHKA &#8222;Stan nietrwa\u0142y&#8221;<\/strong><\/div>\n<div>\u00a0<\/div>\n<div><strong>&#8211; Fundacja Teatru Scena Poczekalnia &#8222;Przyszed\u0142 m\u0119\u017cczyzna do kobiety &#8211; czyli pewnego razu w \u0141odzi&#8221;<\/strong><\/div>\n<div>\u00a0<\/div>\n<div><strong>&#8211; Fundacja Rezonanse Kultury &#8222;Dwie lub trzy rzeczy, kt\u00f3re o niej wiem. Sonet proz\u0105 o Susan S.&#8221;<\/strong><\/div>\n<div>\u00a0<\/div>\n<div><strong>&#8211; Fundacja Sztukmistrze &#8222;Jemio\u0142a &amp; Szwed&#8221;<\/strong><\/div>\n<div>\u00a0<\/div>\n<div><strong>&#8211; Studio Aktorskie STA &#8222;Zjazd&#8221;<\/strong><\/div>\n<div>\u00a0<\/div>\n<div><strong>&#8211; Teatr Rondo &#8221; Iwan Karamazow zwraca bilet&#8221;<\/strong><\/div>\n<div>\u00a0<\/div>\n<div>\u00a0<\/div>\n<div><strong>Serdecznie gratulujemy wybranym tw\u00f3rcom. Do zobaczenia!<\/strong><\/div>\n<p>[\/et_pb_text][\/et_pb_column][\/et_pb_row][\/et_pb_section]<\/p>\n","protected":false},"excerpt":{"rendered":"<div>Szanowni Pa\u0144stwo,<\/div>\n<div><\/div>\n<div>bardzo dzi\u0119kujemy za wszystkie nades\u0142ane zg\u0142oszenia oraz za cierpliwo\u015b\u0107 w trakcie oczekiwania na wyniki. Z przyjemno\u015bci\u0105 informujemy, \u017ce do tegorocznych Sopockich Konsekwencji Teatralnych zakwalifikowali\u015bmy nast\u0119puj\u0105ce spektakle:<\/div>\n","protected":false},"author":2,"featured_media":58441,"comment_status":"open","ping_status":"open","sticky":false,"template":"","format":"standard","meta":{"_et_pb_use_builder":"on","_et_pb_old_content":"","_et_gb_content_width":"","inline_featured_image":false,"footnotes":""},"categories":[87],"tags":[],"class_list":["post-59634","post","type-post","status-publish","format-standard","has-post-thumbnail","hentry","category-aktualnosci"],"yoast_head":"<!-- This site is optimized with the Yoast SEO plugin v27.5 - https:\/\/yoast.com\/product\/yoast-seo-wordpress\/ -->\n<title>Kogo zobaczymy na V Sopockich Konsekwecjach Teatralnych &#8212; Teatr Boto<\/title>\n<meta name=\"robots\" content=\"index, follow, max-snippet:-1, max-image-preview:large, max-video-preview:-1\" \/>\n<link rel=\"canonical\" href=\"https:\/\/boto.art.pl\/index.php\/2021\/06\/06\/kogo-zobaczymy-na-v-sopockich-konsekwecjach-teatralnych\/\" \/>\n<meta property=\"og:locale\" content=\"pl_PL\" \/>\n<meta property=\"og:type\" content=\"article\" \/>\n<meta property=\"og:title\" content=\"Kogo zobaczymy na V Sopockich Konsekwecjach Teatralnych &#8212; Teatr Boto\" \/>\n<meta property=\"og:description\" content=\"Szanowni Pa\u0144stwo,  bardzo dzi\u0119kujemy za wszystkie nades\u0142ane zg\u0142oszenia oraz za cierpliwo\u015b\u0107 w trakcie oczekiwania na wyniki. Z przyjemno\u015bci\u0105 informujemy, \u017ce do tegorocznych Sopockich Konsekwencji Teatralnych zakwalifikowali\u015bmy nast\u0119puj\u0105ce spektakle:\" \/>\n<meta property=\"og:url\" content=\"https:\/\/boto.art.pl\/index.php\/2021\/06\/06\/kogo-zobaczymy-na-v-sopockich-konsekwecjach-teatralnych\/\" \/>\n<meta property=\"og:site_name\" content=\"Teatr Boto\" \/>\n<meta property=\"article:publisher\" content=\"https:\/\/www.facebook.com\/teatrboto\" \/>\n<meta property=\"article:published_time\" content=\"2021-06-06T20:47:51+00:00\" \/>\n<meta property=\"article:modified_time\" content=\"2021-08-20T11:42:43+00:00\" \/>\n<meta property=\"og:image\" content=\"https:\/\/boto.art.pl\/wp-content\/uploads\/2021\/04\/SKT21_fb_956x1350.jpg\" \/>\n\t<meta property=\"og:image:width\" content=\"956\" \/>\n\t<meta property=\"og:image:height\" content=\"1350\" \/>\n\t<meta property=\"og:image:type\" content=\"image\/jpeg\" \/>\n<meta name=\"author\" content=\"Boto\" \/>\n<meta name=\"twitter:card\" content=\"summary_large_image\" \/>\n<meta name=\"twitter:label1\" content=\"Napisane przez\" \/>\n\t<meta name=\"twitter:data1\" content=\"Boto\" \/>\n\t<meta name=\"twitter:label2\" content=\"Szacowany czas czytania\" \/>\n\t<meta name=\"twitter:data2\" content=\"1 minuta\" \/>\n<script type=\"application\/ld+json\" class=\"yoast-schema-graph\">{\"@context\":\"https:\\\/\\\/schema.org\",\"@graph\":[{\"@type\":\"Article\",\"@id\":\"https:\\\/\\\/boto.art.pl\\\/index.php\\\/2021\\\/06\\\/06\\\/kogo-zobaczymy-na-v-sopockich-konsekwecjach-teatralnych\\\/#article\",\"isPartOf\":{\"@id\":\"https:\\\/\\\/boto.art.pl\\\/index.php\\\/2021\\\/06\\\/06\\\/kogo-zobaczymy-na-v-sopockich-konsekwecjach-teatralnych\\\/\"},\"author\":{\"name\":\"Boto\",\"@id\":\"https:\\\/\\\/boto.art.pl\\\/#\\\/schema\\\/person\\\/32351b82314d51e0d0b8554bf8f95b4d\"},\"headline\":\"Kogo zobaczymy na V Sopockich Konsekwecjach Teatralnych\",\"datePublished\":\"2021-06-06T20:47:51+00:00\",\"dateModified\":\"2021-08-20T11:42:43+00:00\",\"mainEntityOfPage\":{\"@id\":\"https:\\\/\\\/boto.art.pl\\\/index.php\\\/2021\\\/06\\\/06\\\/kogo-zobaczymy-na-v-sopockich-konsekwecjach-teatralnych\\\/\"},\"wordCount\":191,\"commentCount\":0,\"publisher\":{\"@id\":\"https:\\\/\\\/boto.art.pl\\\/#organization\"},\"image\":{\"@id\":\"https:\\\/\\\/boto.art.pl\\\/index.php\\\/2021\\\/06\\\/06\\\/kogo-zobaczymy-na-v-sopockich-konsekwecjach-teatralnych\\\/#primaryimage\"},\"thumbnailUrl\":\"https:\\\/\\\/boto.art.pl\\\/wp-content\\\/uploads\\\/2021\\\/04\\\/SKT21_fb_956x1350.jpg\",\"articleSection\":[\"aktualno\u015bci\"],\"inLanguage\":\"pl-PL\",\"potentialAction\":[{\"@type\":\"CommentAction\",\"name\":\"Comment\",\"target\":[\"https:\\\/\\\/boto.art.pl\\\/index.php\\\/2021\\\/06\\\/06\\\/kogo-zobaczymy-na-v-sopockich-konsekwecjach-teatralnych\\\/#respond\"]}]},{\"@type\":\"WebPage\",\"@id\":\"https:\\\/\\\/boto.art.pl\\\/index.php\\\/2021\\\/06\\\/06\\\/kogo-zobaczymy-na-v-sopockich-konsekwecjach-teatralnych\\\/\",\"url\":\"https:\\\/\\\/boto.art.pl\\\/index.php\\\/2021\\\/06\\\/06\\\/kogo-zobaczymy-na-v-sopockich-konsekwecjach-teatralnych\\\/\",\"name\":\"Kogo zobaczymy na V Sopockich Konsekwecjach Teatralnych &#8212; Teatr Boto\",\"isPartOf\":{\"@id\":\"https:\\\/\\\/boto.art.pl\\\/#website\"},\"primaryImageOfPage\":{\"@id\":\"https:\\\/\\\/boto.art.pl\\\/index.php\\\/2021\\\/06\\\/06\\\/kogo-zobaczymy-na-v-sopockich-konsekwecjach-teatralnych\\\/#primaryimage\"},\"image\":{\"@id\":\"https:\\\/\\\/boto.art.pl\\\/index.php\\\/2021\\\/06\\\/06\\\/kogo-zobaczymy-na-v-sopockich-konsekwecjach-teatralnych\\\/#primaryimage\"},\"thumbnailUrl\":\"https:\\\/\\\/boto.art.pl\\\/wp-content\\\/uploads\\\/2021\\\/04\\\/SKT21_fb_956x1350.jpg\",\"datePublished\":\"2021-06-06T20:47:51+00:00\",\"dateModified\":\"2021-08-20T11:42:43+00:00\",\"breadcrumb\":{\"@id\":\"https:\\\/\\\/boto.art.pl\\\/index.php\\\/2021\\\/06\\\/06\\\/kogo-zobaczymy-na-v-sopockich-konsekwecjach-teatralnych\\\/#breadcrumb\"},\"inLanguage\":\"pl-PL\",\"potentialAction\":[{\"@type\":\"ReadAction\",\"target\":[\"https:\\\/\\\/boto.art.pl\\\/index.php\\\/2021\\\/06\\\/06\\\/kogo-zobaczymy-na-v-sopockich-konsekwecjach-teatralnych\\\/\"]}]},{\"@type\":\"ImageObject\",\"inLanguage\":\"pl-PL\",\"@id\":\"https:\\\/\\\/boto.art.pl\\\/index.php\\\/2021\\\/06\\\/06\\\/kogo-zobaczymy-na-v-sopockich-konsekwecjach-teatralnych\\\/#primaryimage\",\"url\":\"https:\\\/\\\/boto.art.pl\\\/wp-content\\\/uploads\\\/2021\\\/04\\\/SKT21_fb_956x1350.jpg\",\"contentUrl\":\"https:\\\/\\\/boto.art.pl\\\/wp-content\\\/uploads\\\/2021\\\/04\\\/SKT21_fb_956x1350.jpg\",\"width\":956,\"height\":1350},{\"@type\":\"BreadcrumbList\",\"@id\":\"https:\\\/\\\/boto.art.pl\\\/index.php\\\/2021\\\/06\\\/06\\\/kogo-zobaczymy-na-v-sopockich-konsekwecjach-teatralnych\\\/#breadcrumb\",\"itemListElement\":[{\"@type\":\"ListItem\",\"position\":1,\"name\":\"Strona g\u0142\u00f3wna\",\"item\":\"https:\\\/\\\/boto.art.pl\\\/\"},{\"@type\":\"ListItem\",\"position\":2,\"name\":\"Kogo zobaczymy na V Sopockich Konsekwecjach Teatralnych\"}]},{\"@type\":\"WebSite\",\"@id\":\"https:\\\/\\\/boto.art.pl\\\/#website\",\"url\":\"https:\\\/\\\/boto.art.pl\\\/\",\"name\":\"Teatr Boto\",\"description\":\"\",\"publisher\":{\"@id\":\"https:\\\/\\\/boto.art.pl\\\/#organization\"},\"potentialAction\":[{\"@type\":\"SearchAction\",\"target\":{\"@type\":\"EntryPoint\",\"urlTemplate\":\"https:\\\/\\\/boto.art.pl\\\/?s={search_term_string}\"},\"query-input\":{\"@type\":\"PropertyValueSpecification\",\"valueRequired\":true,\"valueName\":\"search_term_string\"}}],\"inLanguage\":\"pl-PL\"},{\"@type\":\"Organization\",\"@id\":\"https:\\\/\\\/boto.art.pl\\\/#organization\",\"name\":\"Teatr Boto\",\"url\":\"https:\\\/\\\/boto.art.pl\\\/\",\"logo\":{\"@type\":\"ImageObject\",\"inLanguage\":\"pl-PL\",\"@id\":\"https:\\\/\\\/boto.art.pl\\\/#\\\/schema\\\/logo\\\/image\\\/\",\"url\":\"https:\\\/\\\/boto.art.pl\\\/wp-content\\\/uploads\\\/2018\\\/03\\\/logotyp.svg\",\"contentUrl\":\"https:\\\/\\\/boto.art.pl\\\/wp-content\\\/uploads\\\/2018\\\/03\\\/logotyp.svg\",\"width\":1,\"height\":1,\"caption\":\"Teatr Boto\"},\"image\":{\"@id\":\"https:\\\/\\\/boto.art.pl\\\/#\\\/schema\\\/logo\\\/image\\\/\"},\"sameAs\":[\"https:\\\/\\\/www.facebook.com\\\/teatrboto\",\"https:\\\/\\\/www.instagram.com\\\/teatr_boto\\\/\"]},{\"@type\":\"Person\",\"@id\":\"https:\\\/\\\/boto.art.pl\\\/#\\\/schema\\\/person\\\/32351b82314d51e0d0b8554bf8f95b4d\",\"name\":\"Boto\",\"image\":{\"@type\":\"ImageObject\",\"inLanguage\":\"pl-PL\",\"@id\":\"https:\\\/\\\/secure.gravatar.com\\\/avatar\\\/288f0389e19ee4a77a3bc15d367dc6c3aa38ec351ab562f6ebe60fbcdacabbef?s=96&d=mm&r=g\",\"url\":\"https:\\\/\\\/secure.gravatar.com\\\/avatar\\\/288f0389e19ee4a77a3bc15d367dc6c3aa38ec351ab562f6ebe60fbcdacabbef?s=96&d=mm&r=g\",\"contentUrl\":\"https:\\\/\\\/secure.gravatar.com\\\/avatar\\\/288f0389e19ee4a77a3bc15d367dc6c3aa38ec351ab562f6ebe60fbcdacabbef?s=96&d=mm&r=g\",\"caption\":\"Boto\"},\"url\":\"https:\\\/\\\/boto.art.pl\\\/index.php\\\/author\\\/boto\\\/\"}]}<\/script>\n<!-- \/ Yoast SEO plugin. -->","yoast_head_json":{"title":"Kogo zobaczymy na V Sopockich Konsekwecjach Teatralnych &#8212; Teatr Boto","robots":{"index":"index","follow":"follow","max-snippet":"max-snippet:-1","max-image-preview":"max-image-preview:large","max-video-preview":"max-video-preview:-1"},"canonical":"https:\/\/boto.art.pl\/index.php\/2021\/06\/06\/kogo-zobaczymy-na-v-sopockich-konsekwecjach-teatralnych\/","og_locale":"pl_PL","og_type":"article","og_title":"Kogo zobaczymy na V Sopockich Konsekwecjach Teatralnych &#8212; Teatr Boto","og_description":"Szanowni Pa\u0144stwo,  bardzo dzi\u0119kujemy za wszystkie nades\u0142ane zg\u0142oszenia oraz za cierpliwo\u015b\u0107 w trakcie oczekiwania na wyniki. Z przyjemno\u015bci\u0105 informujemy, \u017ce do tegorocznych Sopockich Konsekwencji Teatralnych zakwalifikowali\u015bmy nast\u0119puj\u0105ce spektakle:","og_url":"https:\/\/boto.art.pl\/index.php\/2021\/06\/06\/kogo-zobaczymy-na-v-sopockich-konsekwecjach-teatralnych\/","og_site_name":"Teatr Boto","article_publisher":"https:\/\/www.facebook.com\/teatrboto","article_published_time":"2021-06-06T20:47:51+00:00","article_modified_time":"2021-08-20T11:42:43+00:00","og_image":[{"width":956,"height":1350,"url":"https:\/\/boto.art.pl\/wp-content\/uploads\/2021\/04\/SKT21_fb_956x1350.jpg","type":"image\/jpeg"}],"author":"Boto","twitter_card":"summary_large_image","twitter_misc":{"Napisane przez":"Boto","Szacowany czas czytania":"1 minuta"},"schema":{"@context":"https:\/\/schema.org","@graph":[{"@type":"Article","@id":"https:\/\/boto.art.pl\/index.php\/2021\/06\/06\/kogo-zobaczymy-na-v-sopockich-konsekwecjach-teatralnych\/#article","isPartOf":{"@id":"https:\/\/boto.art.pl\/index.php\/2021\/06\/06\/kogo-zobaczymy-na-v-sopockich-konsekwecjach-teatralnych\/"},"author":{"name":"Boto","@id":"https:\/\/boto.art.pl\/#\/schema\/person\/32351b82314d51e0d0b8554bf8f95b4d"},"headline":"Kogo zobaczymy na V Sopockich Konsekwecjach Teatralnych","datePublished":"2021-06-06T20:47:51+00:00","dateModified":"2021-08-20T11:42:43+00:00","mainEntityOfPage":{"@id":"https:\/\/boto.art.pl\/index.php\/2021\/06\/06\/kogo-zobaczymy-na-v-sopockich-konsekwecjach-teatralnych\/"},"wordCount":191,"commentCount":0,"publisher":{"@id":"https:\/\/boto.art.pl\/#organization"},"image":{"@id":"https:\/\/boto.art.pl\/index.php\/2021\/06\/06\/kogo-zobaczymy-na-v-sopockich-konsekwecjach-teatralnych\/#primaryimage"},"thumbnailUrl":"https:\/\/boto.art.pl\/wp-content\/uploads\/2021\/04\/SKT21_fb_956x1350.jpg","articleSection":["aktualno\u015bci"],"inLanguage":"pl-PL","potentialAction":[{"@type":"CommentAction","name":"Comment","target":["https:\/\/boto.art.pl\/index.php\/2021\/06\/06\/kogo-zobaczymy-na-v-sopockich-konsekwecjach-teatralnych\/#respond"]}]},{"@type":"WebPage","@id":"https:\/\/boto.art.pl\/index.php\/2021\/06\/06\/kogo-zobaczymy-na-v-sopockich-konsekwecjach-teatralnych\/","url":"https:\/\/boto.art.pl\/index.php\/2021\/06\/06\/kogo-zobaczymy-na-v-sopockich-konsekwecjach-teatralnych\/","name":"Kogo zobaczymy na V Sopockich Konsekwecjach Teatralnych &#8212; Teatr Boto","isPartOf":{"@id":"https:\/\/boto.art.pl\/#website"},"primaryImageOfPage":{"@id":"https:\/\/boto.art.pl\/index.php\/2021\/06\/06\/kogo-zobaczymy-na-v-sopockich-konsekwecjach-teatralnych\/#primaryimage"},"image":{"@id":"https:\/\/boto.art.pl\/index.php\/2021\/06\/06\/kogo-zobaczymy-na-v-sopockich-konsekwecjach-teatralnych\/#primaryimage"},"thumbnailUrl":"https:\/\/boto.art.pl\/wp-content\/uploads\/2021\/04\/SKT21_fb_956x1350.jpg","datePublished":"2021-06-06T20:47:51+00:00","dateModified":"2021-08-20T11:42:43+00:00","breadcrumb":{"@id":"https:\/\/boto.art.pl\/index.php\/2021\/06\/06\/kogo-zobaczymy-na-v-sopockich-konsekwecjach-teatralnych\/#breadcrumb"},"inLanguage":"pl-PL","potentialAction":[{"@type":"ReadAction","target":["https:\/\/boto.art.pl\/index.php\/2021\/06\/06\/kogo-zobaczymy-na-v-sopockich-konsekwecjach-teatralnych\/"]}]},{"@type":"ImageObject","inLanguage":"pl-PL","@id":"https:\/\/boto.art.pl\/index.php\/2021\/06\/06\/kogo-zobaczymy-na-v-sopockich-konsekwecjach-teatralnych\/#primaryimage","url":"https:\/\/boto.art.pl\/wp-content\/uploads\/2021\/04\/SKT21_fb_956x1350.jpg","contentUrl":"https:\/\/boto.art.pl\/wp-content\/uploads\/2021\/04\/SKT21_fb_956x1350.jpg","width":956,"height":1350},{"@type":"BreadcrumbList","@id":"https:\/\/boto.art.pl\/index.php\/2021\/06\/06\/kogo-zobaczymy-na-v-sopockich-konsekwecjach-teatralnych\/#breadcrumb","itemListElement":[{"@type":"ListItem","position":1,"name":"Strona g\u0142\u00f3wna","item":"https:\/\/boto.art.pl\/"},{"@type":"ListItem","position":2,"name":"Kogo zobaczymy na V Sopockich Konsekwecjach Teatralnych"}]},{"@type":"WebSite","@id":"https:\/\/boto.art.pl\/#website","url":"https:\/\/boto.art.pl\/","name":"Teatr Boto","description":"","publisher":{"@id":"https:\/\/boto.art.pl\/#organization"},"potentialAction":[{"@type":"SearchAction","target":{"@type":"EntryPoint","urlTemplate":"https:\/\/boto.art.pl\/?s={search_term_string}"},"query-input":{"@type":"PropertyValueSpecification","valueRequired":true,"valueName":"search_term_string"}}],"inLanguage":"pl-PL"},{"@type":"Organization","@id":"https:\/\/boto.art.pl\/#organization","name":"Teatr Boto","url":"https:\/\/boto.art.pl\/","logo":{"@type":"ImageObject","inLanguage":"pl-PL","@id":"https:\/\/boto.art.pl\/#\/schema\/logo\/image\/","url":"https:\/\/boto.art.pl\/wp-content\/uploads\/2018\/03\/logotyp.svg","contentUrl":"https:\/\/boto.art.pl\/wp-content\/uploads\/2018\/03\/logotyp.svg","width":1,"height":1,"caption":"Teatr Boto"},"image":{"@id":"https:\/\/boto.art.pl\/#\/schema\/logo\/image\/"},"sameAs":["https:\/\/www.facebook.com\/teatrboto","https:\/\/www.instagram.com\/teatr_boto\/"]},{"@type":"Person","@id":"https:\/\/boto.art.pl\/#\/schema\/person\/32351b82314d51e0d0b8554bf8f95b4d","name":"Boto","image":{"@type":"ImageObject","inLanguage":"pl-PL","@id":"https:\/\/secure.gravatar.com\/avatar\/288f0389e19ee4a77a3bc15d367dc6c3aa38ec351ab562f6ebe60fbcdacabbef?s=96&d=mm&r=g","url":"https:\/\/secure.gravatar.com\/avatar\/288f0389e19ee4a77a3bc15d367dc6c3aa38ec351ab562f6ebe60fbcdacabbef?s=96&d=mm&r=g","contentUrl":"https:\/\/secure.gravatar.com\/avatar\/288f0389e19ee4a77a3bc15d367dc6c3aa38ec351ab562f6ebe60fbcdacabbef?s=96&d=mm&r=g","caption":"Boto"},"url":"https:\/\/boto.art.pl\/index.php\/author\/boto\/"}]}},"_links":{"self":[{"href":"https:\/\/boto.art.pl\/index.php\/wp-json\/wp\/v2\/posts\/59634","targetHints":{"allow":["GET"]}}],"collection":[{"href":"https:\/\/boto.art.pl\/index.php\/wp-json\/wp\/v2\/posts"}],"about":[{"href":"https:\/\/boto.art.pl\/index.php\/wp-json\/wp\/v2\/types\/post"}],"author":[{"embeddable":true,"href":"https:\/\/boto.art.pl\/index.php\/wp-json\/wp\/v2\/users\/2"}],"replies":[{"embeddable":true,"href":"https:\/\/boto.art.pl\/index.php\/wp-json\/wp\/v2\/comments?post=59634"}],"version-history":[{"count":6,"href":"https:\/\/boto.art.pl\/index.php\/wp-json\/wp\/v2\/posts\/59634\/revisions"}],"predecessor-version":[{"id":59641,"href":"https:\/\/boto.art.pl\/index.php\/wp-json\/wp\/v2\/posts\/59634\/revisions\/59641"}],"wp:featuredmedia":[{"embeddable":true,"href":"https:\/\/boto.art.pl\/index.php\/wp-json\/wp\/v2\/media\/58441"}],"wp:attachment":[{"href":"https:\/\/boto.art.pl\/index.php\/wp-json\/wp\/v2\/media?parent=59634"}],"wp:term":[{"taxonomy":"category","embeddable":true,"href":"https:\/\/boto.art.pl\/index.php\/wp-json\/wp\/v2\/categories?post=59634"},{"taxonomy":"post_tag","embeddable":true,"href":"https:\/\/boto.art.pl\/index.php\/wp-json\/wp\/v2\/tags?post=59634"}],"curies":[{"name":"wp","href":"https:\/\/api.w.org\/{rel}","templated":true}]}}