{"id":60871,"date":"2021-09-11T09:02:20","date_gmt":"2021-09-11T07:02:20","guid":{"rendered":"https:\/\/boto.art.pl\/?p=60871"},"modified":"2021-11-16T15:05:18","modified_gmt":"2021-11-16T14:05:18","slug":"boto-post-pandemicznie-mild-trio","status":"publish","type":"post","link":"https:\/\/boto.art.pl\/index.php\/2021\/09\/11\/boto-post-pandemicznie-mild-trio\/","title":{"rendered":"BOTO post-pandemicznie: Mild Trio"},"content":{"rendered":"<p>[et_pb_section fb_built=&#8221;1&#8243; admin_label=&#8221;Du\u017ce zdj\u0119cie&#8221; _builder_version=&#8221;4.11.4&#8243; background_image=&#8221;https:\/\/boto.art.pl\/wp-content\/uploads\/2021\/11\/foto-promo.jpg&#8221; parallax=&#8221;on&#8221; custom_margin=&#8221;|||&#8221; custom_padding=&#8221;0px|0px|134px|0px&#8221; global_colors_info=&#8221;{}&#8221;][et_pb_row _builder_version=&#8221;3.25&#8243; custom_padding=&#8221;21px|0px|4px|50px&#8221; global_colors_info=&#8221;{}&#8221;][et_pb_column type=&#8221;4_4&#8243; _builder_version=&#8221;3.25&#8243; custom_padding=&#8221;|||&#8221; global_colors_info=&#8221;{}&#8221; custom_padding__hover=&#8221;|||&#8221;][et_pb_text admin_label=&#8221;Tytu\u0142&#8221; _builder_version=&#8221;4.11.4&#8243; text_font=&#8221;|700||on|||||&#8221; text_font_size=&#8221;34px&#8221; background_layout=&#8221;dark&#8221; custom_padding=&#8221;200px|||&#8221; text_text_shadow_style=&#8221;preset4&#8243; text_text_shadow_horizontal_length=&#8221;0.07em&#8221; text_text_shadow_color=&#8221;rgba(0,0,0,0.83)&#8221; global_colors_info=&#8221;{}&#8221;]<\/p>\n<p>BOTO post-pandemicznie: Mild Trio<\/p>\n<p>[\/et_pb_text][et_pb_text admin_label=&#8221;Data&#8221; _builder_version=&#8221;4.11.4&#8243; text_font=&#8221;|||on|||||&#8221; text_font_size=&#8221;30px&#8221; background_layout=&#8221;dark&#8221; text_text_shadow_style=&#8221;preset4&#8243; text_text_shadow_horizontal_length=&#8221;0.07em&#8221; text_text_shadow_color=&#8221;rgba(0,0,0,0.85)&#8221; global_colors_info=&#8221;{}&#8221;]<\/p>\n<p>11 listopada, 21:00<\/p>\n<p>[\/et_pb_text][\/et_pb_column][\/et_pb_row][\/et_pb_section][et_pb_section fb_built=&#8221;1&#8243; _builder_version=&#8221;3.22&#8243; custom_margin=&#8221;0px|||&#8221; custom_padding=&#8221;0px|0px|0px|0px&#8221; global_colors_info=&#8221;{}&#8221;][et_pb_row column_structure=&#8221;2_3,1_3&#8243; _builder_version=&#8221;3.25&#8243; background_size=&#8221;initial&#8221; background_position=&#8221;top_left&#8221; background_repeat=&#8221;repeat&#8221; custom_padding=&#8221;80px|0px|27px|47px&#8221; global_colors_info=&#8221;{}&#8221;][et_pb_column type=&#8221;2_3&#8243; _builder_version=&#8221;3.25&#8243; custom_padding=&#8221;|||&#8221; global_colors_info=&#8221;{}&#8221; custom_padding__hover=&#8221;|||&#8221;][et_pb_text admin_label=&#8221;Tekst w\u0142a\u015bciwy&#8221; _builder_version=&#8221;4.11.4&#8243; global_colors_info=&#8221;{}&#8221;]<\/p>\n<p>Zapraszamy na tradycyjny czwartek jazzowy w BOTO. Gospodarzami tego wieczoru b\u0119dzie Mild Trio w sk\u0142adzie:<\/p>\n<p>[\/et_pb_text][et_pb_toggle title=&#8221;Maksymilian Kreft &#8211; perkusja&#8221; _builder_version=&#8221;4.11.4&#8243; _module_preset=&#8221;default&#8221; hover_enabled=&#8221;0&#8243; global_colors_info=&#8221;{}&#8221; text_orientation=&#8221;left&#8221; title_level=&#8221;h3&#8243; title_text_align=&#8221;center&#8221; sticky_enabled=&#8221;0&#8243;]<\/p>\n<p><strong>Maksymilian Kreft<\/strong> &#8211; Perkusista m\u0142odego pokolenia, ucz\u0119szcza\u0142 do Pa\u0144stwowej Szko\u0142y Muzycznej im Zygmunta Noskowskiego w Gdyni w klasie fortepianu.<\/p>\n<p>Umiej\u0119tno\u015bci gry na zestawie perkusyjnym zacz\u0105\u0142 rozwija\u0107 w wieku 14 lat pod okiem takich perkusist\u00f3w jak: Pawe\u0142 Osicki, Grzegorz Sycz, Adam Golicki, Marcin Jahr.W wieku 16 lat zacz\u0105\u0142 wyst\u0119powa\u0107 z czo\u0142owymi muzykami tr\u00f3jmiejskiej oraz og\u00f3lnopolskiej sceny jazzowej. Jako siedemnastolatek zdoby\u0142 indywidualn\u0105 nagrod\u0119 na Festivalu Jazz nad Odr\u0105 z zespo\u0142em Extradition Quintet, z kt\u00f3rym otrzymali r\u00f3wnie\u017c 3 miejsce, z tym samym zespo\u0142em zostali wyr\u00f3\u017cnieni podczas Og\u00f3lnopolskiego przegl\u0105du m\u0142odych zespo\u0142\u00f3w jazzowych i bluesowych w Gdyni. Uczestnik warsztat\u00f3w New York jazz Masters m.in z Aaronem Goldbergiem, Dena Derose, Miguelem Zenonem, Luques Curtisem, Ali Jacksonem, Mikem Moreno. Wyst\u0119powa\u0142 na Sopot Molo Jazz Festival, Vertigo Summer Jazz Festival, Jazz w lesie, Jazz nad Odr\u0105, Sopot Jazz Festival, Ladies Jazz Festival, Pomorski Jazz.<\/p>\n<p>Wyst\u0119powa\u0142 mi\u0119dzy innymi z: Janem A.P Kaczmarkiem, Przemkiem Dyakowskim, Maciejem Sika\u0142\u0105, Aleksandr\u0105 Mo\u0144ko Allen,Januszem Mackiewiczem, Paw\u0142em Urowskim, Marcinem Bo\u017ckiem, Micha\u0142em B\u0105kiem, Miko\u0142ajem Trzask\u0105, Dominikiem Bukowskim, Marcinem W\u0105do\u0142owskim, Krzesimirem D\u0119bskim,Adamem Wend, Marcinem Jankiem, Ptaszynem Wr\u00f3blewskim, Marcinem W\u0105do\u0142owskim, Tali Rubinstein, Troy Roberts,i wieloma innymi.<\/p>\n<p>Wsp\u00f3\u0142pracowa\u0142 z Janem A.P Kaczmarkiem podczas Rapsodii \u015al\u0105skiej.<br \/>Swobodnie porusza si\u0119 w r\u00f3\u017cnych stylistykach muzycznych najlepiej odnajduje si\u0119 w jazz fusion i modern jazz.<br \/>Bra\u0142 udzia\u0142 w nagraniu sk\u0142adanki Gdynia 1988-2018.<br \/>Obecnie udziela si\u0119 mi\u0119dzy innymi w grupach Marcin Janek Extradition Quintet, Gdynia Improvisers Orchestra, Blues Connections, Rama 111, Le\u015bne Zwierz\u0119ta,\u0141ukasz Ju\u017ako Quartet, MildTRIO, Paulina Porszke Ensemble,Wojciech Staroniewicz Sound Trab, Irka Zapolska Band, oraz jako muzyk sesyjny wielokrotnie wynajmowany do sesji nagraniowych . Nagrywa\u0142 koncerty dla Telewizji Polskiej, Telewizji Jazz, r\u00f3\u017cnych stacji radiowych.<\/p>\n<p>[\/et_pb_toggle][et_pb_toggle title=&#8221;Micha\u0142 B\u0105k &#8211; kontrabas&#8221; _builder_version=&#8221;4.11.4&#8243; _module_preset=&#8221;default&#8221; hover_enabled=&#8221;0&#8243; global_colors_info=&#8221;{}&#8221; title_level=&#8221;h3&#8243; title_text_align=&#8221;center&#8221; sticky_enabled=&#8221;0&#8243;]<\/p>\n<p><strong>Micha\u0142 B\u0105k<\/strong> \u2013 pochodzi z Gda\u0144ska. Jest absolwentem Akademii Muzycznej im. Karola Szymanowskiego w Katowicach na wydziale instrumentalnym (w klasie dra hab. Waldemara Tamowskiego i dra Jana Kotuli) w oraz jazzowym (w klasie dra Micha\u0142a Bara\u0144skiego). Jest laureatem licznych konkurs\u00f3w kontrabasowych jak i jazzowych.<\/p>\n<p>Jako kontrabasista specjalizuje si\u0119 nie tylko muzyce jazzowej, ale tak\u017ce w historycznym wykonawstwie muzyki dawnej pracuj\u0105c jako solista, kameralista oraz muzyk orkiestrowy z takimi zespo\u0142ami jak: {Oh!} Orkiestra Historyczna, Arte dei Suonatori czy Holland Baroque koncertuj\u0105c m.in. w Polsce, Holandii, Niemczech, Hiszpanii, Czechach, Danii i Chinach (trasa koncertowa z Holland Baroque i Wu Wei)<br \/>We wrze\u015bniu 2017 roku wyda\u0142 swoj\u0105 debiutanck\u0105 p\u0142yt\u0119 &#8222;Quartetto&#8221; prezentuj\u0105c\u0105 sw\u00f3j autorski materia\u0142 inspirowany muzyk\u0105 dawn\u0105 i wsp\u00f3\u0142czesn\u0105 improwizacj\u0105 jazzow\u0105. Sw\u00f3j kwartet tworzy wraz z Emilem Miszkiem na tr\u0105bce, Piotrem Ch\u0119ckim na saksofonie oraz S\u0142awkiem Koryzno na perkusji.<\/p>\n<p>Od lat bierze udzia\u0142 w licznych projektach wsp\u00f3\u0142pracuj\u0105c z: Krystyn\u0105 Sta\u0144ko, &#8222;Jerzy Ma\u0142ek Group&#8221;, Adamem Ba\u0142dychem, Leszkiem Ku\u0142akowskim, Leszkiem Mo\u017cd\u017cerem, Dominikiem Bukowskim, Kari Sal, &#8222;Kamil Piotrowicz Quintet&#8221;, Alicj\u0105 Serowik, zespo\u0142em Horeb, z kwartetem ASAF, Wroc\u0142awsk\u0105 Orkiestr\u0105 Barokow\u0105, Capell\u0105 Cracoviensis, Oper\u0105 Ba\u0142tyck\u0105 w Gda\u0144sku (1,5 roku jako lider grupy kontrabas\u00f3w).<\/p>\n<p>Obecnie wsp\u00f3\u0142tworzy takie zespo\u0142y jak:{oh!}Orkiestra Historyczna, Holland Baroque, Arte Dei Suonatori, Goldberg Baroque Ensemble, Orkiestra Kameralna Progress, Micha\u0142 B\u0105k Quartetto, MILD Trio, Duet z Basi\u0105 Pospieszalsk\u0105, Agnieszka Maciaszczyk Quintet, Alicja Serowik Do SE SAJD, Jazzuj Panu Ca\u0142a Ziemio.<\/p>\n<p>[\/et_pb_toggle][et_pb_toggle title=&#8221;Krzysztof Paw\u0142ocki &#8211; gitara&#8221; _builder_version=&#8221;4.11.4&#8243; _module_preset=&#8221;default&#8221; hover_enabled=&#8221;0&#8243; global_colors_info=&#8221;{}&#8221; title_level=&#8221;h3&#8243; title_text_align=&#8221;center&#8221; sticky_enabled=&#8221;0&#8243;]<\/p>\n<p><strong>Krzysztof Paw\u0142ocki<\/strong> \u2013 kompozytor, gitarzysta. Uko\u0144czy\u0142 Akademi\u0119 muzyczn\u0105 w Gda\u0144sku na kierunku gitara jazzowa. Wsp\u00f3\u0142pracowa\u0142 m. in. z zespo\u0142ami: 12 kamieni, Moa, Basia Kawa, Da.kaa, Marta Szefke groove band, Eva&amp;Shandy, Mild trio, Les femmes, Grace gospel choir, Juventus gospel choir. Wraz z zespo\u0142em Jazz.u w 2019 roku wyda\u0142 p\u0142yt\u0119\u00a0Grigio\u00a0zawieraj\u0105c\u0105 osiem autorskich kompozycji.<\/p>\n<p>[\/et_pb_toggle][et_pb_text _builder_version=&#8221;4.11.4&#8243; _module_preset=&#8221;default&#8221; global_colors_info=&#8221;{}&#8221;]<\/p>\n<p>Tr\u00f3jmiejscy muzycy, kt\u00f3rych po\u0142\u0105czy\u0142o zami\u0142owanie do jazzowej improwizacji i przestrzennej muzyki elektroniczno-akustycznej.<\/p>\n<p>&nbsp;<\/p>\n<p>****<br \/>Obowi\u0105zuj\u0105 nast\u0119puj\u0105ce wytyczne:<br \/>\u2013maseczki zas\u0142aniaj\u0105ce usta i nos<br \/>\u2013 przed wej\u015bciem na g\u00f3r\u0119 nale\u017cy zdezynfekowa\u0107 r\u0119ce<br \/>\u2013 przed wej\u015bciem ka\u017cdy z uczestnik\u00f3w zostanie poproszony o z\u0142o\u017cenie obowi\u0105zkowego pisemnego o\u015bwiadczeni, \u017ce uczestnik, wed\u0142ug swojej najlepszej wiedzy, nie jest osob\u0105 zaka\u017con\u0105 oraz nie przebywa na kwarantannie lub pod nadzorem epidemiologicznym<\/p>\n<p>[\/et_pb_text][\/et_pb_column][et_pb_column type=&#8221;1_3&#8243; _builder_version=&#8221;3.25&#8243; custom_padding=&#8221;|||&#8221; global_colors_info=&#8221;{}&#8221; custom_padding__hover=&#8221;|||&#8221;][et_pb_divider color=&#8221;#e0e0e0&#8243; _builder_version=&#8221;3.2&#8243; global_colors_info=&#8221;{}&#8221;][\/et_pb_divider][et_pb_testimonial author=&#8221;Bilety online &#8211; przejd\u017a&#8221; url=&#8221;https:\/\/goout.net\/pl\/teatry\/teatr-boto\/itjd\/&#8221; url_new_window=&#8221;on&#8221; quote_icon=&#8221;off&#8221; admin_label=&#8221;Bilety &#8211; informacja&#8221; _builder_version=&#8221;4.11.4&#8243; global_colors_info=&#8221;{}&#8221;]<\/p>\n<p><strong><span class=\"text_exposed_show\">Bilety: 20 z\u0142<\/span><\/strong><\/p>\n<p>[\/et_pb_testimonial][et_pb_divider color=&#8221;#e0e0e0&#8243; _builder_version=&#8221;3.2&#8243; global_colors_info=&#8221;{}&#8221;][\/et_pb_divider][et_pb_map address=&#8221;Bohater\u00f3w Monte Cassino 54B, Sopot, Polska&#8221; address_lat=&#8221;54.443947&#8243; address_lng=&#8221;18.567788&#8243; _builder_version=&#8221;3.0.93&#8243; global_colors_info=&#8221;{}&#8221;][et_pb_map_pin title=&#8221;Teatr i Baroteka BOTO&#8221; pin_address=&#8221;Bohater\u00f3w Monte Cassino 54B, Sopot, Polska&#8221; pin_address_lat=&#8221;54.443947&#8243; pin_address_lng=&#8221;18.567788&#8243; _builder_version=&#8221;3.0.93&#8243; global_colors_info=&#8221;{}&#8221;]<\/p>\n<p>Teatr i Baroteka BOTO<br \/> ul. Bohater\u00f3w Monte Cassino 54B<br \/> 81-758 Sopot<\/p>\n<p>[\/et_pb_map_pin][\/et_pb_map][\/et_pb_column][\/et_pb_row][\/et_pb_section]<\/p>\n","protected":false},"excerpt":{"rendered":"<blockquote><p><strong>11 listopada, 21:00<\/strong><\/p><\/blockquote>\n<p>Tr\u00f3jmiejscy muzycy, kt\u00f3rych po\u0142\u0105czy\u0142o zami\u0142owanie do jazzowej improwizacji i przestrzennej muzyki elektroniczno-akustycznej.<\/p>\n","protected":false},"author":2,"featured_media":60875,"comment_status":"open","ping_status":"open","sticky":false,"template":"","format":"standard","meta":{"_et_pb_use_builder":"on","_et_pb_old_content":"","_et_gb_content_width":"","inline_featured_image":false,"footnotes":""},"categories":[18],"tags":[],"class_list":["post-60871","post","type-post","status-publish","format-standard","has-post-thumbnail","hentry","category-boto-wild-jam"],"yoast_head":"<!-- This site is optimized with the Yoast SEO plugin v27.5 - https:\/\/yoast.com\/product\/yoast-seo-wordpress\/ -->\n<title>BOTO post-pandemicznie: Mild Trio &#8212; Teatr Boto<\/title>\n<meta name=\"robots\" content=\"index, follow, max-snippet:-1, max-image-preview:large, max-video-preview:-1\" \/>\n<link rel=\"canonical\" href=\"https:\/\/boto.art.pl\/index.php\/2021\/09\/11\/boto-post-pandemicznie-mild-trio\/\" \/>\n<meta property=\"og:locale\" content=\"pl_PL\" \/>\n<meta property=\"og:type\" content=\"article\" \/>\n<meta property=\"og:title\" content=\"BOTO post-pandemicznie: Mild Trio &#8212; Teatr Boto\" \/>\n<meta property=\"og:description\" content=\"11 listopada, 21:00 Tr\u00f3jmiejscy muzycy, kt\u00f3rych po\u0142\u0105czy\u0142o zami\u0142owanie do jazzowej improwizacji i przestrzennej muzyki elektroniczno-akustycznej.\" \/>\n<meta property=\"og:url\" content=\"https:\/\/boto.art.pl\/index.php\/2021\/09\/11\/boto-post-pandemicznie-mild-trio\/\" \/>\n<meta property=\"og:site_name\" content=\"Teatr Boto\" \/>\n<meta property=\"article:publisher\" content=\"https:\/\/www.facebook.com\/teatrboto\" \/>\n<meta property=\"article:published_time\" content=\"2021-09-11T07:02:20+00:00\" \/>\n<meta property=\"article:modified_time\" content=\"2021-11-16T14:05:18+00:00\" \/>\n<meta property=\"og:image\" content=\"https:\/\/boto.art.pl\/wp-content\/uploads\/2021\/11\/foto-promo.jpg\" \/>\n\t<meta property=\"og:image:width\" content=\"1080\" \/>\n\t<meta property=\"og:image:height\" content=\"718\" \/>\n\t<meta property=\"og:image:type\" content=\"image\/jpeg\" \/>\n<meta name=\"author\" content=\"Boto\" \/>\n<meta name=\"twitter:card\" content=\"summary_large_image\" \/>\n<meta name=\"twitter:label1\" content=\"Napisane przez\" \/>\n\t<meta name=\"twitter:data1\" content=\"Boto\" \/>\n\t<meta name=\"twitter:label2\" content=\"Szacowany czas czytania\" \/>\n\t<meta name=\"twitter:data2\" content=\"4 minuty\" \/>\n<script type=\"application\/ld+json\" class=\"yoast-schema-graph\">{\"@context\":\"https:\\\/\\\/schema.org\",\"@graph\":[{\"@type\":\"Article\",\"@id\":\"https:\\\/\\\/boto.art.pl\\\/index.php\\\/2021\\\/09\\\/11\\\/boto-post-pandemicznie-mild-trio\\\/#article\",\"isPartOf\":{\"@id\":\"https:\\\/\\\/boto.art.pl\\\/index.php\\\/2021\\\/09\\\/11\\\/boto-post-pandemicznie-mild-trio\\\/\"},\"author\":{\"name\":\"Boto\",\"@id\":\"https:\\\/\\\/boto.art.pl\\\/#\\\/schema\\\/person\\\/32351b82314d51e0d0b8554bf8f95b4d\"},\"headline\":\"BOTO post-pandemicznie: Mild Trio\",\"datePublished\":\"2021-09-11T07:02:20+00:00\",\"dateModified\":\"2021-11-16T14:05:18+00:00\",\"mainEntityOfPage\":{\"@id\":\"https:\\\/\\\/boto.art.pl\\\/index.php\\\/2021\\\/09\\\/11\\\/boto-post-pandemicznie-mild-trio\\\/\"},\"wordCount\":1242,\"commentCount\":0,\"publisher\":{\"@id\":\"https:\\\/\\\/boto.art.pl\\\/#organization\"},\"image\":{\"@id\":\"https:\\\/\\\/boto.art.pl\\\/index.php\\\/2021\\\/09\\\/11\\\/boto-post-pandemicznie-mild-trio\\\/#primaryimage\"},\"thumbnailUrl\":\"https:\\\/\\\/boto.art.pl\\\/wp-content\\\/uploads\\\/2021\\\/11\\\/foto-promo.jpg\",\"articleSection\":[\"boto wild jam\"],\"inLanguage\":\"pl-PL\",\"potentialAction\":[{\"@type\":\"CommentAction\",\"name\":\"Comment\",\"target\":[\"https:\\\/\\\/boto.art.pl\\\/index.php\\\/2021\\\/09\\\/11\\\/boto-post-pandemicznie-mild-trio\\\/#respond\"]}]},{\"@type\":\"WebPage\",\"@id\":\"https:\\\/\\\/boto.art.pl\\\/index.php\\\/2021\\\/09\\\/11\\\/boto-post-pandemicznie-mild-trio\\\/\",\"url\":\"https:\\\/\\\/boto.art.pl\\\/index.php\\\/2021\\\/09\\\/11\\\/boto-post-pandemicznie-mild-trio\\\/\",\"name\":\"BOTO post-pandemicznie: Mild Trio &#8212; Teatr Boto\",\"isPartOf\":{\"@id\":\"https:\\\/\\\/boto.art.pl\\\/#website\"},\"primaryImageOfPage\":{\"@id\":\"https:\\\/\\\/boto.art.pl\\\/index.php\\\/2021\\\/09\\\/11\\\/boto-post-pandemicznie-mild-trio\\\/#primaryimage\"},\"image\":{\"@id\":\"https:\\\/\\\/boto.art.pl\\\/index.php\\\/2021\\\/09\\\/11\\\/boto-post-pandemicznie-mild-trio\\\/#primaryimage\"},\"thumbnailUrl\":\"https:\\\/\\\/boto.art.pl\\\/wp-content\\\/uploads\\\/2021\\\/11\\\/foto-promo.jpg\",\"datePublished\":\"2021-09-11T07:02:20+00:00\",\"dateModified\":\"2021-11-16T14:05:18+00:00\",\"breadcrumb\":{\"@id\":\"https:\\\/\\\/boto.art.pl\\\/index.php\\\/2021\\\/09\\\/11\\\/boto-post-pandemicznie-mild-trio\\\/#breadcrumb\"},\"inLanguage\":\"pl-PL\",\"potentialAction\":[{\"@type\":\"ReadAction\",\"target\":[\"https:\\\/\\\/boto.art.pl\\\/index.php\\\/2021\\\/09\\\/11\\\/boto-post-pandemicznie-mild-trio\\\/\"]}]},{\"@type\":\"ImageObject\",\"inLanguage\":\"pl-PL\",\"@id\":\"https:\\\/\\\/boto.art.pl\\\/index.php\\\/2021\\\/09\\\/11\\\/boto-post-pandemicznie-mild-trio\\\/#primaryimage\",\"url\":\"https:\\\/\\\/boto.art.pl\\\/wp-content\\\/uploads\\\/2021\\\/11\\\/foto-promo.jpg\",\"contentUrl\":\"https:\\\/\\\/boto.art.pl\\\/wp-content\\\/uploads\\\/2021\\\/11\\\/foto-promo.jpg\",\"width\":1080,\"height\":718},{\"@type\":\"BreadcrumbList\",\"@id\":\"https:\\\/\\\/boto.art.pl\\\/index.php\\\/2021\\\/09\\\/11\\\/boto-post-pandemicznie-mild-trio\\\/#breadcrumb\",\"itemListElement\":[{\"@type\":\"ListItem\",\"position\":1,\"name\":\"Strona g\u0142\u00f3wna\",\"item\":\"https:\\\/\\\/boto.art.pl\\\/\"},{\"@type\":\"ListItem\",\"position\":2,\"name\":\"BOTO post-pandemicznie: Mild Trio\"}]},{\"@type\":\"WebSite\",\"@id\":\"https:\\\/\\\/boto.art.pl\\\/#website\",\"url\":\"https:\\\/\\\/boto.art.pl\\\/\",\"name\":\"Teatr Boto\",\"description\":\"\",\"publisher\":{\"@id\":\"https:\\\/\\\/boto.art.pl\\\/#organization\"},\"potentialAction\":[{\"@type\":\"SearchAction\",\"target\":{\"@type\":\"EntryPoint\",\"urlTemplate\":\"https:\\\/\\\/boto.art.pl\\\/?s={search_term_string}\"},\"query-input\":{\"@type\":\"PropertyValueSpecification\",\"valueRequired\":true,\"valueName\":\"search_term_string\"}}],\"inLanguage\":\"pl-PL\"},{\"@type\":\"Organization\",\"@id\":\"https:\\\/\\\/boto.art.pl\\\/#organization\",\"name\":\"Teatr Boto\",\"url\":\"https:\\\/\\\/boto.art.pl\\\/\",\"logo\":{\"@type\":\"ImageObject\",\"inLanguage\":\"pl-PL\",\"@id\":\"https:\\\/\\\/boto.art.pl\\\/#\\\/schema\\\/logo\\\/image\\\/\",\"url\":\"https:\\\/\\\/boto.art.pl\\\/wp-content\\\/uploads\\\/2018\\\/03\\\/logotyp.svg\",\"contentUrl\":\"https:\\\/\\\/boto.art.pl\\\/wp-content\\\/uploads\\\/2018\\\/03\\\/logotyp.svg\",\"width\":1,\"height\":1,\"caption\":\"Teatr Boto\"},\"image\":{\"@id\":\"https:\\\/\\\/boto.art.pl\\\/#\\\/schema\\\/logo\\\/image\\\/\"},\"sameAs\":[\"https:\\\/\\\/www.facebook.com\\\/teatrboto\",\"https:\\\/\\\/www.instagram.com\\\/teatr_boto\\\/\"]},{\"@type\":\"Person\",\"@id\":\"https:\\\/\\\/boto.art.pl\\\/#\\\/schema\\\/person\\\/32351b82314d51e0d0b8554bf8f95b4d\",\"name\":\"Boto\",\"image\":{\"@type\":\"ImageObject\",\"inLanguage\":\"pl-PL\",\"@id\":\"https:\\\/\\\/secure.gravatar.com\\\/avatar\\\/288f0389e19ee4a77a3bc15d367dc6c3aa38ec351ab562f6ebe60fbcdacabbef?s=96&d=mm&r=g\",\"url\":\"https:\\\/\\\/secure.gravatar.com\\\/avatar\\\/288f0389e19ee4a77a3bc15d367dc6c3aa38ec351ab562f6ebe60fbcdacabbef?s=96&d=mm&r=g\",\"contentUrl\":\"https:\\\/\\\/secure.gravatar.com\\\/avatar\\\/288f0389e19ee4a77a3bc15d367dc6c3aa38ec351ab562f6ebe60fbcdacabbef?s=96&d=mm&r=g\",\"caption\":\"Boto\"},\"url\":\"https:\\\/\\\/boto.art.pl\\\/index.php\\\/author\\\/boto\\\/\"}]}<\/script>\n<!-- \/ Yoast SEO plugin. -->","yoast_head_json":{"title":"BOTO post-pandemicznie: Mild Trio &#8212; Teatr Boto","robots":{"index":"index","follow":"follow","max-snippet":"max-snippet:-1","max-image-preview":"max-image-preview:large","max-video-preview":"max-video-preview:-1"},"canonical":"https:\/\/boto.art.pl\/index.php\/2021\/09\/11\/boto-post-pandemicznie-mild-trio\/","og_locale":"pl_PL","og_type":"article","og_title":"BOTO post-pandemicznie: Mild Trio &#8212; Teatr Boto","og_description":"11 listopada, 21:00 Tr\u00f3jmiejscy muzycy, kt\u00f3rych po\u0142\u0105czy\u0142o zami\u0142owanie do jazzowej improwizacji i przestrzennej muzyki elektroniczno-akustycznej.","og_url":"https:\/\/boto.art.pl\/index.php\/2021\/09\/11\/boto-post-pandemicznie-mild-trio\/","og_site_name":"Teatr Boto","article_publisher":"https:\/\/www.facebook.com\/teatrboto","article_published_time":"2021-09-11T07:02:20+00:00","article_modified_time":"2021-11-16T14:05:18+00:00","og_image":[{"width":1080,"height":718,"url":"https:\/\/boto.art.pl\/wp-content\/uploads\/2021\/11\/foto-promo.jpg","type":"image\/jpeg"}],"author":"Boto","twitter_card":"summary_large_image","twitter_misc":{"Napisane przez":"Boto","Szacowany czas czytania":"4 minuty"},"schema":{"@context":"https:\/\/schema.org","@graph":[{"@type":"Article","@id":"https:\/\/boto.art.pl\/index.php\/2021\/09\/11\/boto-post-pandemicznie-mild-trio\/#article","isPartOf":{"@id":"https:\/\/boto.art.pl\/index.php\/2021\/09\/11\/boto-post-pandemicznie-mild-trio\/"},"author":{"name":"Boto","@id":"https:\/\/boto.art.pl\/#\/schema\/person\/32351b82314d51e0d0b8554bf8f95b4d"},"headline":"BOTO post-pandemicznie: Mild Trio","datePublished":"2021-09-11T07:02:20+00:00","dateModified":"2021-11-16T14:05:18+00:00","mainEntityOfPage":{"@id":"https:\/\/boto.art.pl\/index.php\/2021\/09\/11\/boto-post-pandemicznie-mild-trio\/"},"wordCount":1242,"commentCount":0,"publisher":{"@id":"https:\/\/boto.art.pl\/#organization"},"image":{"@id":"https:\/\/boto.art.pl\/index.php\/2021\/09\/11\/boto-post-pandemicznie-mild-trio\/#primaryimage"},"thumbnailUrl":"https:\/\/boto.art.pl\/wp-content\/uploads\/2021\/11\/foto-promo.jpg","articleSection":["boto wild jam"],"inLanguage":"pl-PL","potentialAction":[{"@type":"CommentAction","name":"Comment","target":["https:\/\/boto.art.pl\/index.php\/2021\/09\/11\/boto-post-pandemicznie-mild-trio\/#respond"]}]},{"@type":"WebPage","@id":"https:\/\/boto.art.pl\/index.php\/2021\/09\/11\/boto-post-pandemicznie-mild-trio\/","url":"https:\/\/boto.art.pl\/index.php\/2021\/09\/11\/boto-post-pandemicznie-mild-trio\/","name":"BOTO post-pandemicznie: Mild Trio &#8212; Teatr Boto","isPartOf":{"@id":"https:\/\/boto.art.pl\/#website"},"primaryImageOfPage":{"@id":"https:\/\/boto.art.pl\/index.php\/2021\/09\/11\/boto-post-pandemicznie-mild-trio\/#primaryimage"},"image":{"@id":"https:\/\/boto.art.pl\/index.php\/2021\/09\/11\/boto-post-pandemicznie-mild-trio\/#primaryimage"},"thumbnailUrl":"https:\/\/boto.art.pl\/wp-content\/uploads\/2021\/11\/foto-promo.jpg","datePublished":"2021-09-11T07:02:20+00:00","dateModified":"2021-11-16T14:05:18+00:00","breadcrumb":{"@id":"https:\/\/boto.art.pl\/index.php\/2021\/09\/11\/boto-post-pandemicznie-mild-trio\/#breadcrumb"},"inLanguage":"pl-PL","potentialAction":[{"@type":"ReadAction","target":["https:\/\/boto.art.pl\/index.php\/2021\/09\/11\/boto-post-pandemicznie-mild-trio\/"]}]},{"@type":"ImageObject","inLanguage":"pl-PL","@id":"https:\/\/boto.art.pl\/index.php\/2021\/09\/11\/boto-post-pandemicznie-mild-trio\/#primaryimage","url":"https:\/\/boto.art.pl\/wp-content\/uploads\/2021\/11\/foto-promo.jpg","contentUrl":"https:\/\/boto.art.pl\/wp-content\/uploads\/2021\/11\/foto-promo.jpg","width":1080,"height":718},{"@type":"BreadcrumbList","@id":"https:\/\/boto.art.pl\/index.php\/2021\/09\/11\/boto-post-pandemicznie-mild-trio\/#breadcrumb","itemListElement":[{"@type":"ListItem","position":1,"name":"Strona g\u0142\u00f3wna","item":"https:\/\/boto.art.pl\/"},{"@type":"ListItem","position":2,"name":"BOTO post-pandemicznie: Mild Trio"}]},{"@type":"WebSite","@id":"https:\/\/boto.art.pl\/#website","url":"https:\/\/boto.art.pl\/","name":"Teatr Boto","description":"","publisher":{"@id":"https:\/\/boto.art.pl\/#organization"},"potentialAction":[{"@type":"SearchAction","target":{"@type":"EntryPoint","urlTemplate":"https:\/\/boto.art.pl\/?s={search_term_string}"},"query-input":{"@type":"PropertyValueSpecification","valueRequired":true,"valueName":"search_term_string"}}],"inLanguage":"pl-PL"},{"@type":"Organization","@id":"https:\/\/boto.art.pl\/#organization","name":"Teatr Boto","url":"https:\/\/boto.art.pl\/","logo":{"@type":"ImageObject","inLanguage":"pl-PL","@id":"https:\/\/boto.art.pl\/#\/schema\/logo\/image\/","url":"https:\/\/boto.art.pl\/wp-content\/uploads\/2018\/03\/logotyp.svg","contentUrl":"https:\/\/boto.art.pl\/wp-content\/uploads\/2018\/03\/logotyp.svg","width":1,"height":1,"caption":"Teatr Boto"},"image":{"@id":"https:\/\/boto.art.pl\/#\/schema\/logo\/image\/"},"sameAs":["https:\/\/www.facebook.com\/teatrboto","https:\/\/www.instagram.com\/teatr_boto\/"]},{"@type":"Person","@id":"https:\/\/boto.art.pl\/#\/schema\/person\/32351b82314d51e0d0b8554bf8f95b4d","name":"Boto","image":{"@type":"ImageObject","inLanguage":"pl-PL","@id":"https:\/\/secure.gravatar.com\/avatar\/288f0389e19ee4a77a3bc15d367dc6c3aa38ec351ab562f6ebe60fbcdacabbef?s=96&d=mm&r=g","url":"https:\/\/secure.gravatar.com\/avatar\/288f0389e19ee4a77a3bc15d367dc6c3aa38ec351ab562f6ebe60fbcdacabbef?s=96&d=mm&r=g","contentUrl":"https:\/\/secure.gravatar.com\/avatar\/288f0389e19ee4a77a3bc15d367dc6c3aa38ec351ab562f6ebe60fbcdacabbef?s=96&d=mm&r=g","caption":"Boto"},"url":"https:\/\/boto.art.pl\/index.php\/author\/boto\/"}]}},"_links":{"self":[{"href":"https:\/\/boto.art.pl\/index.php\/wp-json\/wp\/v2\/posts\/60871","targetHints":{"allow":["GET"]}}],"collection":[{"href":"https:\/\/boto.art.pl\/index.php\/wp-json\/wp\/v2\/posts"}],"about":[{"href":"https:\/\/boto.art.pl\/index.php\/wp-json\/wp\/v2\/types\/post"}],"author":[{"embeddable":true,"href":"https:\/\/boto.art.pl\/index.php\/wp-json\/wp\/v2\/users\/2"}],"replies":[{"embeddable":true,"href":"https:\/\/boto.art.pl\/index.php\/wp-json\/wp\/v2\/comments?post=60871"}],"version-history":[{"count":6,"href":"https:\/\/boto.art.pl\/index.php\/wp-json\/wp\/v2\/posts\/60871\/revisions"}],"predecessor-version":[{"id":60880,"href":"https:\/\/boto.art.pl\/index.php\/wp-json\/wp\/v2\/posts\/60871\/revisions\/60880"}],"wp:featuredmedia":[{"embeddable":true,"href":"https:\/\/boto.art.pl\/index.php\/wp-json\/wp\/v2\/media\/60875"}],"wp:attachment":[{"href":"https:\/\/boto.art.pl\/index.php\/wp-json\/wp\/v2\/media?parent=60871"}],"wp:term":[{"taxonomy":"category","embeddable":true,"href":"https:\/\/boto.art.pl\/index.php\/wp-json\/wp\/v2\/categories?post=60871"},{"taxonomy":"post_tag","embeddable":true,"href":"https:\/\/boto.art.pl\/index.php\/wp-json\/wp\/v2\/tags?post=60871"}],"curies":[{"name":"wp","href":"https:\/\/api.w.org\/{rel}","templated":true}]}}