{"id":70083,"date":"2025-07-05T14:21:37","date_gmt":"2025-07-05T12:21:37","guid":{"rendered":"https:\/\/boto.art.pl\/?p=70083"},"modified":"2025-11-09T16:37:06","modified_gmt":"2025-11-09T15:37:06","slug":"ania-canta-a-luz-de-luna","status":"publish","type":"post","link":"https:\/\/boto.art.pl\/index.php\/2025\/07\/05\/ania-canta-a-luz-de-luna\/","title":{"rendered":"Ania Canta &#8222;A Luz de Luna&#8221;"},"content":{"rendered":"<p>[et_pb_section fb_built=&#8221;1&#8243; admin_label=&#8221;Du\u017ce zdj\u0119cie&#8221; _builder_version=&#8221;4.27.4&#8243; background_image=&#8221;https:\/\/boto.art.pl\/wp-content\/uploads\/2025\/08\/unnamed-scaled.jpg&#8221; parallax=&#8221;on&#8221; custom_margin=&#8221;|||&#8221; custom_padding=&#8221;0px|0px|134px|0px&#8221; global_colors_info=&#8221;{}&#8221;][et_pb_row _builder_version=&#8221;4.27.0&#8243; custom_padding=&#8221;21px|0px|4px|50px&#8221; global_colors_info=&#8221;{}&#8221;][et_pb_column type=&#8221;4_4&#8243; _builder_version=&#8221;4.16&#8243; custom_padding=&#8221;|||&#8221; global_colors_info=&#8221;{}&#8221; custom_padding__hover=&#8221;|||&#8221;][et_pb_text admin_label=&#8221;Tytu\u0142&#8221; _builder_version=&#8221;4.27.4&#8243; text_font=&#8221;|700||on|||||&#8221; text_font_size=&#8221;34px&#8221; background_layout=&#8221;dark&#8221; custom_padding=&#8221;200px|||&#8221; text_text_shadow_style=&#8221;preset4&#8243; text_text_shadow_horizontal_length=&#8221;0.07em&#8221; text_text_shadow_color=&#8221;rgba(0,0,0,0.83)&#8221; global_colors_info=&#8221;{}&#8221;]<\/p>\n<p>Ania Canta &#8222;A Luz de Luna&#8221;<\/p>\n<p>[\/et_pb_text][et_pb_text admin_label=&#8221;Data&#8221; _builder_version=&#8221;4.27.4&#8243; text_font=&#8221;|||on|||||&#8221; text_font_size=&#8221;30px&#8221; background_layout=&#8221;dark&#8221; text_text_shadow_style=&#8221;preset4&#8243; text_text_shadow_horizontal_length=&#8221;0.07em&#8221; text_text_shadow_color=&#8221;rgba(0,0,0,0.85)&#8221; global_colors_info=&#8221;{}&#8221;]<\/p>\n<p>5 wrze\u015bnia 2025<\/p>\n<p>[\/et_pb_text][\/et_pb_column][\/et_pb_row][\/et_pb_section][et_pb_section fb_built=&#8221;1&#8243; _builder_version=&#8221;4.16&#8243; custom_margin=&#8221;0px|||&#8221; custom_padding=&#8221;0px|0px|0px|0px&#8221; global_colors_info=&#8221;{}&#8221;][et_pb_row column_structure=&#8221;2_3,1_3&#8243; _builder_version=&#8221;4.16&#8243; background_size=&#8221;initial&#8221; background_position=&#8221;top_left&#8221; background_repeat=&#8221;repeat&#8221; custom_padding=&#8221;80px|0px|27px|47px&#8221; global_colors_info=&#8221;{}&#8221;][et_pb_column type=&#8221;2_3&#8243; _builder_version=&#8221;4.16&#8243; custom_padding=&#8221;|||&#8221; global_colors_info=&#8221;{}&#8221; custom_padding__hover=&#8221;|||&#8221;][et_pb_text admin_label=&#8221;Tekst w\u0142a\u015bciwy&#8221; _builder_version=&#8221;4.27.4&#8243; global_colors_info=&#8221;{}&#8221;]<\/p>\n<p><strong>Ania Canta &#8222;A Luz de Luna&#8221;\u00a0<\/strong>to wiecz\u00f3r pe\u0142en urzekaj\u0105cej muzyki, \u0142\u0105cz\u0105cej po\u0142udniowe style takie jak bolero, bossa czy ranczeras i pi\u0119kne melodie z jazzowym brzmieniem.<\/p>\n<p>Ten koncert to zbi\u00f3r utwor\u00f3w, kt\u00f3re &#8211; gdyby serce potrafi\u0142o wyrazi\u0107 wszystkie swoje uczucia: mi\u0142o\u015b\u0107, nostalgi\u0119, nadziej\u0119, melancholi\u0119 i t\u0119sknot\u0119 &#8211; za\u015bpiewa\u0142oby w\u0142a\u015bnie te piosenki w tytu\u0142owym blasku ksi\u0119\u017cyca. Wokalistka, dzi\u0119ki swojej ogromnej wra\u017cliwo\u015bci, poprzez starannie wybrane utwory, opowiada historie, tworz\u0105c dla nas niezapomniane do\u015bwiadczenie, kt\u00f3re na d\u0142ugo pozostanie w naszych sercach. B\u0119d\u0105 jej towarzyszy\u0107 wspaniali tr\u00f3jmiejscy muzycy.<\/p>\n<p>Sk\u0142ad:<\/p>\n<ul>\n<li><strong>Ania Canta<\/strong>\u00a0\u2013 wokal<\/li>\n<li><strong>Filip Fiebiger<\/strong>\u00a0\u2013 gitara<\/li>\n<li><strong>Aleksander Tryba<\/strong>\u00a0\u2013 kontrabas<\/li>\n<li><strong>Marian Szarmach<\/strong>\u00a0\u2013 perkusja<\/li>\n<\/ul>\n<p>[\/et_pb_text][\/et_pb_column][et_pb_column type=&#8221;1_3&#8243; _builder_version=&#8221;4.16&#8243; custom_padding=&#8221;|||&#8221; global_colors_info=&#8221;{}&#8221; custom_padding__hover=&#8221;|||&#8221;][et_pb_divider color=&#8221;#e0e0e0&#8243; _builder_version=&#8221;4.16&#8243; global_colors_info=&#8221;{}&#8221;][\/et_pb_divider][et_pb_testimonial author=&#8221;Bilety online &#8211; przejd\u017a&#8221; url=&#8221;https:\/\/stage24.pl\/events\/ania-canta-filip-fiebiger-aleksander-tryba-marian-szarmach-teatr-boto-5446\/recommended\/3704d18e-6c04-4ca0-9b1c-4600fbcc12d9&#8243; url_new_window=&#8221;on&#8221; quote_icon=&#8221;off&#8221; admin_label=&#8221;Bilety &#8211; informacja&#8221; _builder_version=&#8221;4.27.4&#8243; global_colors_info=&#8221;{}&#8221;]<\/p>\n<p>BILETY: 55 z\u0142<\/p>\n<p>[\/et_pb_testimonial][et_pb_divider color=&#8221;#e0e0e0&#8243; _builder_version=&#8221;4.16&#8243; global_colors_info=&#8221;{}&#8221;][\/et_pb_divider][et_pb_map address=&#8221;Bohater\u00f3w Monte Cassino 54B, Sopot, Polska&#8221; address_lat=&#8221;54.443947&#8243; address_lng=&#8221;18.567788&#8243; _builder_version=&#8221;4.16&#8243; global_colors_info=&#8221;{}&#8221;][et_pb_map_pin title=&#8221;Teatr i Baroteka BOTO&#8221; pin_address=&#8221;Bohater\u00f3w Monte Cassino 54B, Sopot, Polska&#8221; pin_address_lat=&#8221;54.443947&#8243; pin_address_lng=&#8221;18.567788&#8243; _builder_version=&#8221;3.0.93&#8243; global_colors_info=&#8221;{}&#8221;]<\/p>\n<p>Teatr i Baroteka BOTO<br \/> ul. Bohater\u00f3w Monte Cassino 54B<br \/> 81-758 Sopot<\/p>\n<p>[\/et_pb_map_pin][\/et_pb_map][\/et_pb_column][\/et_pb_row][\/et_pb_section]<\/p>\n","protected":false},"excerpt":{"rendered":"<blockquote><p><strong>5 Wrze\u015bnia | 20:00<\/strong><\/p><\/blockquote>\n<p><strong>Wiecz\u00f3r pe\u0142en urzekaj\u0105cej muzyki<\/strong><\/p>\n","protected":false},"author":2,"featured_media":70086,"comment_status":"closed","ping_status":"closed","sticky":false,"template":"","format":"standard","meta":{"_et_pb_use_builder":"on","_et_pb_old_content":"","_et_gb_content_width":"","inline_featured_image":false,"footnotes":""},"categories":[153,1],"tags":[],"class_list":["post-70083","post","type-post","status-publish","format-standard","has-post-thumbnail","hentry","category-archiwum","category-bez-kategorii"],"yoast_head":"<!-- This site is optimized with the Yoast SEO plugin v27.5 - https:\/\/yoast.com\/product\/yoast-seo-wordpress\/ -->\n<title>Ania Canta &quot;A Luz de Luna&quot; &#8212; Teatr Boto<\/title>\n<meta name=\"robots\" content=\"index, follow, max-snippet:-1, max-image-preview:large, max-video-preview:-1\" \/>\n<link rel=\"canonical\" href=\"https:\/\/boto.art.pl\/index.php\/2025\/07\/05\/ania-canta-a-luz-de-luna\/\" \/>\n<meta property=\"og:locale\" content=\"pl_PL\" \/>\n<meta property=\"og:type\" content=\"article\" \/>\n<meta property=\"og:title\" content=\"Ania Canta &quot;A Luz de Luna&quot; &#8212; Teatr Boto\" \/>\n<meta property=\"og:description\" content=\"5 Wrze\u015bnia | 20:00 Wiecz\u00f3r pe\u0142en urzekaj\u0105cej muzyki\" \/>\n<meta property=\"og:url\" content=\"https:\/\/boto.art.pl\/index.php\/2025\/07\/05\/ania-canta-a-luz-de-luna\/\" \/>\n<meta property=\"og:site_name\" content=\"Teatr Boto\" \/>\n<meta property=\"article:publisher\" content=\"https:\/\/www.facebook.com\/teatrboto\" \/>\n<meta property=\"article:published_time\" content=\"2025-07-05T12:21:37+00:00\" \/>\n<meta property=\"article:modified_time\" content=\"2025-11-09T15:37:06+00:00\" \/>\n<meta property=\"og:image\" content=\"https:\/\/boto.art.pl\/wp-content\/uploads\/2025\/08\/unnamed-scaled.jpg\" \/>\n\t<meta property=\"og:image:width\" content=\"2560\" \/>\n\t<meta property=\"og:image:height\" content=\"1707\" \/>\n\t<meta property=\"og:image:type\" content=\"image\/jpeg\" \/>\n<meta name=\"author\" content=\"Boto\" \/>\n<meta name=\"twitter:card\" content=\"summary_large_image\" \/>\n<meta name=\"twitter:label1\" content=\"Napisane przez\" \/>\n\t<meta name=\"twitter:data1\" content=\"Boto\" \/>\n\t<meta name=\"twitter:label2\" content=\"Szacowany czas czytania\" \/>\n\t<meta name=\"twitter:data2\" content=\"1 minuta\" \/>\n<script type=\"application\/ld+json\" class=\"yoast-schema-graph\">{\"@context\":\"https:\\\/\\\/schema.org\",\"@graph\":[{\"@type\":\"Article\",\"@id\":\"https:\\\/\\\/boto.art.pl\\\/index.php\\\/2025\\\/07\\\/05\\\/ania-canta-a-luz-de-luna\\\/#article\",\"isPartOf\":{\"@id\":\"https:\\\/\\\/boto.art.pl\\\/index.php\\\/2025\\\/07\\\/05\\\/ania-canta-a-luz-de-luna\\\/\"},\"author\":{\"name\":\"Boto\",\"@id\":\"https:\\\/\\\/boto.art.pl\\\/#\\\/schema\\\/person\\\/32351b82314d51e0d0b8554bf8f95b4d\"},\"headline\":\"Ania Canta &#8222;A Luz de Luna&#8221;\",\"datePublished\":\"2025-07-05T12:21:37+00:00\",\"dateModified\":\"2025-11-09T15:37:06+00:00\",\"mainEntityOfPage\":{\"@id\":\"https:\\\/\\\/boto.art.pl\\\/index.php\\\/2025\\\/07\\\/05\\\/ania-canta-a-luz-de-luna\\\/\"},\"wordCount\":542,\"publisher\":{\"@id\":\"https:\\\/\\\/boto.art.pl\\\/#organization\"},\"image\":{\"@id\":\"https:\\\/\\\/boto.art.pl\\\/index.php\\\/2025\\\/07\\\/05\\\/ania-canta-a-luz-de-luna\\\/#primaryimage\"},\"thumbnailUrl\":\"https:\\\/\\\/boto.art.pl\\\/wp-content\\\/uploads\\\/2025\\\/08\\\/unnamed-scaled.jpg\",\"articleSection\":[\"archiwum\"],\"inLanguage\":\"pl-PL\"},{\"@type\":\"WebPage\",\"@id\":\"https:\\\/\\\/boto.art.pl\\\/index.php\\\/2025\\\/07\\\/05\\\/ania-canta-a-luz-de-luna\\\/\",\"url\":\"https:\\\/\\\/boto.art.pl\\\/index.php\\\/2025\\\/07\\\/05\\\/ania-canta-a-luz-de-luna\\\/\",\"name\":\"Ania Canta \\\"A Luz de Luna\\\" &#8212; Teatr Boto\",\"isPartOf\":{\"@id\":\"https:\\\/\\\/boto.art.pl\\\/#website\"},\"primaryImageOfPage\":{\"@id\":\"https:\\\/\\\/boto.art.pl\\\/index.php\\\/2025\\\/07\\\/05\\\/ania-canta-a-luz-de-luna\\\/#primaryimage\"},\"image\":{\"@id\":\"https:\\\/\\\/boto.art.pl\\\/index.php\\\/2025\\\/07\\\/05\\\/ania-canta-a-luz-de-luna\\\/#primaryimage\"},\"thumbnailUrl\":\"https:\\\/\\\/boto.art.pl\\\/wp-content\\\/uploads\\\/2025\\\/08\\\/unnamed-scaled.jpg\",\"datePublished\":\"2025-07-05T12:21:37+00:00\",\"dateModified\":\"2025-11-09T15:37:06+00:00\",\"breadcrumb\":{\"@id\":\"https:\\\/\\\/boto.art.pl\\\/index.php\\\/2025\\\/07\\\/05\\\/ania-canta-a-luz-de-luna\\\/#breadcrumb\"},\"inLanguage\":\"pl-PL\",\"potentialAction\":[{\"@type\":\"ReadAction\",\"target\":[\"https:\\\/\\\/boto.art.pl\\\/index.php\\\/2025\\\/07\\\/05\\\/ania-canta-a-luz-de-luna\\\/\"]}]},{\"@type\":\"ImageObject\",\"inLanguage\":\"pl-PL\",\"@id\":\"https:\\\/\\\/boto.art.pl\\\/index.php\\\/2025\\\/07\\\/05\\\/ania-canta-a-luz-de-luna\\\/#primaryimage\",\"url\":\"https:\\\/\\\/boto.art.pl\\\/wp-content\\\/uploads\\\/2025\\\/08\\\/unnamed-scaled.jpg\",\"contentUrl\":\"https:\\\/\\\/boto.art.pl\\\/wp-content\\\/uploads\\\/2025\\\/08\\\/unnamed-scaled.jpg\",\"width\":2560,\"height\":1707},{\"@type\":\"BreadcrumbList\",\"@id\":\"https:\\\/\\\/boto.art.pl\\\/index.php\\\/2025\\\/07\\\/05\\\/ania-canta-a-luz-de-luna\\\/#breadcrumb\",\"itemListElement\":[{\"@type\":\"ListItem\",\"position\":1,\"name\":\"Strona g\u0142\u00f3wna\",\"item\":\"https:\\\/\\\/boto.art.pl\\\/\"},{\"@type\":\"ListItem\",\"position\":2,\"name\":\"Ania Canta &#8222;A Luz de Luna&#8221;\"}]},{\"@type\":\"WebSite\",\"@id\":\"https:\\\/\\\/boto.art.pl\\\/#website\",\"url\":\"https:\\\/\\\/boto.art.pl\\\/\",\"name\":\"Teatr Boto\",\"description\":\"\",\"publisher\":{\"@id\":\"https:\\\/\\\/boto.art.pl\\\/#organization\"},\"potentialAction\":[{\"@type\":\"SearchAction\",\"target\":{\"@type\":\"EntryPoint\",\"urlTemplate\":\"https:\\\/\\\/boto.art.pl\\\/?s={search_term_string}\"},\"query-input\":{\"@type\":\"PropertyValueSpecification\",\"valueRequired\":true,\"valueName\":\"search_term_string\"}}],\"inLanguage\":\"pl-PL\"},{\"@type\":\"Organization\",\"@id\":\"https:\\\/\\\/boto.art.pl\\\/#organization\",\"name\":\"Teatr Boto\",\"url\":\"https:\\\/\\\/boto.art.pl\\\/\",\"logo\":{\"@type\":\"ImageObject\",\"inLanguage\":\"pl-PL\",\"@id\":\"https:\\\/\\\/boto.art.pl\\\/#\\\/schema\\\/logo\\\/image\\\/\",\"url\":\"https:\\\/\\\/boto.art.pl\\\/wp-content\\\/uploads\\\/2018\\\/03\\\/logotyp.svg\",\"contentUrl\":\"https:\\\/\\\/boto.art.pl\\\/wp-content\\\/uploads\\\/2018\\\/03\\\/logotyp.svg\",\"width\":1,\"height\":1,\"caption\":\"Teatr Boto\"},\"image\":{\"@id\":\"https:\\\/\\\/boto.art.pl\\\/#\\\/schema\\\/logo\\\/image\\\/\"},\"sameAs\":[\"https:\\\/\\\/www.facebook.com\\\/teatrboto\",\"https:\\\/\\\/www.instagram.com\\\/teatr_boto\\\/\"]},{\"@type\":\"Person\",\"@id\":\"https:\\\/\\\/boto.art.pl\\\/#\\\/schema\\\/person\\\/32351b82314d51e0d0b8554bf8f95b4d\",\"name\":\"Boto\",\"image\":{\"@type\":\"ImageObject\",\"inLanguage\":\"pl-PL\",\"@id\":\"https:\\\/\\\/secure.gravatar.com\\\/avatar\\\/288f0389e19ee4a77a3bc15d367dc6c3aa38ec351ab562f6ebe60fbcdacabbef?s=96&d=mm&r=g\",\"url\":\"https:\\\/\\\/secure.gravatar.com\\\/avatar\\\/288f0389e19ee4a77a3bc15d367dc6c3aa38ec351ab562f6ebe60fbcdacabbef?s=96&d=mm&r=g\",\"contentUrl\":\"https:\\\/\\\/secure.gravatar.com\\\/avatar\\\/288f0389e19ee4a77a3bc15d367dc6c3aa38ec351ab562f6ebe60fbcdacabbef?s=96&d=mm&r=g\",\"caption\":\"Boto\"},\"url\":\"https:\\\/\\\/boto.art.pl\\\/index.php\\\/author\\\/boto\\\/\"}]}<\/script>\n<!-- \/ Yoast SEO plugin. -->","yoast_head_json":{"title":"Ania Canta \"A Luz de Luna\" &#8212; Teatr Boto","robots":{"index":"index","follow":"follow","max-snippet":"max-snippet:-1","max-image-preview":"max-image-preview:large","max-video-preview":"max-video-preview:-1"},"canonical":"https:\/\/boto.art.pl\/index.php\/2025\/07\/05\/ania-canta-a-luz-de-luna\/","og_locale":"pl_PL","og_type":"article","og_title":"Ania Canta \"A Luz de Luna\" &#8212; Teatr Boto","og_description":"5 Wrze\u015bnia | 20:00 Wiecz\u00f3r pe\u0142en urzekaj\u0105cej muzyki","og_url":"https:\/\/boto.art.pl\/index.php\/2025\/07\/05\/ania-canta-a-luz-de-luna\/","og_site_name":"Teatr Boto","article_publisher":"https:\/\/www.facebook.com\/teatrboto","article_published_time":"2025-07-05T12:21:37+00:00","article_modified_time":"2025-11-09T15:37:06+00:00","og_image":[{"width":2560,"height":1707,"url":"https:\/\/boto.art.pl\/wp-content\/uploads\/2025\/08\/unnamed-scaled.jpg","type":"image\/jpeg"}],"author":"Boto","twitter_card":"summary_large_image","twitter_misc":{"Napisane przez":"Boto","Szacowany czas czytania":"1 minuta"},"schema":{"@context":"https:\/\/schema.org","@graph":[{"@type":"Article","@id":"https:\/\/boto.art.pl\/index.php\/2025\/07\/05\/ania-canta-a-luz-de-luna\/#article","isPartOf":{"@id":"https:\/\/boto.art.pl\/index.php\/2025\/07\/05\/ania-canta-a-luz-de-luna\/"},"author":{"name":"Boto","@id":"https:\/\/boto.art.pl\/#\/schema\/person\/32351b82314d51e0d0b8554bf8f95b4d"},"headline":"Ania Canta &#8222;A Luz de Luna&#8221;","datePublished":"2025-07-05T12:21:37+00:00","dateModified":"2025-11-09T15:37:06+00:00","mainEntityOfPage":{"@id":"https:\/\/boto.art.pl\/index.php\/2025\/07\/05\/ania-canta-a-luz-de-luna\/"},"wordCount":542,"publisher":{"@id":"https:\/\/boto.art.pl\/#organization"},"image":{"@id":"https:\/\/boto.art.pl\/index.php\/2025\/07\/05\/ania-canta-a-luz-de-luna\/#primaryimage"},"thumbnailUrl":"https:\/\/boto.art.pl\/wp-content\/uploads\/2025\/08\/unnamed-scaled.jpg","articleSection":["archiwum"],"inLanguage":"pl-PL"},{"@type":"WebPage","@id":"https:\/\/boto.art.pl\/index.php\/2025\/07\/05\/ania-canta-a-luz-de-luna\/","url":"https:\/\/boto.art.pl\/index.php\/2025\/07\/05\/ania-canta-a-luz-de-luna\/","name":"Ania Canta \"A Luz de Luna\" &#8212; Teatr Boto","isPartOf":{"@id":"https:\/\/boto.art.pl\/#website"},"primaryImageOfPage":{"@id":"https:\/\/boto.art.pl\/index.php\/2025\/07\/05\/ania-canta-a-luz-de-luna\/#primaryimage"},"image":{"@id":"https:\/\/boto.art.pl\/index.php\/2025\/07\/05\/ania-canta-a-luz-de-luna\/#primaryimage"},"thumbnailUrl":"https:\/\/boto.art.pl\/wp-content\/uploads\/2025\/08\/unnamed-scaled.jpg","datePublished":"2025-07-05T12:21:37+00:00","dateModified":"2025-11-09T15:37:06+00:00","breadcrumb":{"@id":"https:\/\/boto.art.pl\/index.php\/2025\/07\/05\/ania-canta-a-luz-de-luna\/#breadcrumb"},"inLanguage":"pl-PL","potentialAction":[{"@type":"ReadAction","target":["https:\/\/boto.art.pl\/index.php\/2025\/07\/05\/ania-canta-a-luz-de-luna\/"]}]},{"@type":"ImageObject","inLanguage":"pl-PL","@id":"https:\/\/boto.art.pl\/index.php\/2025\/07\/05\/ania-canta-a-luz-de-luna\/#primaryimage","url":"https:\/\/boto.art.pl\/wp-content\/uploads\/2025\/08\/unnamed-scaled.jpg","contentUrl":"https:\/\/boto.art.pl\/wp-content\/uploads\/2025\/08\/unnamed-scaled.jpg","width":2560,"height":1707},{"@type":"BreadcrumbList","@id":"https:\/\/boto.art.pl\/index.php\/2025\/07\/05\/ania-canta-a-luz-de-luna\/#breadcrumb","itemListElement":[{"@type":"ListItem","position":1,"name":"Strona g\u0142\u00f3wna","item":"https:\/\/boto.art.pl\/"},{"@type":"ListItem","position":2,"name":"Ania Canta &#8222;A Luz de Luna&#8221;"}]},{"@type":"WebSite","@id":"https:\/\/boto.art.pl\/#website","url":"https:\/\/boto.art.pl\/","name":"Teatr Boto","description":"","publisher":{"@id":"https:\/\/boto.art.pl\/#organization"},"potentialAction":[{"@type":"SearchAction","target":{"@type":"EntryPoint","urlTemplate":"https:\/\/boto.art.pl\/?s={search_term_string}"},"query-input":{"@type":"PropertyValueSpecification","valueRequired":true,"valueName":"search_term_string"}}],"inLanguage":"pl-PL"},{"@type":"Organization","@id":"https:\/\/boto.art.pl\/#organization","name":"Teatr Boto","url":"https:\/\/boto.art.pl\/","logo":{"@type":"ImageObject","inLanguage":"pl-PL","@id":"https:\/\/boto.art.pl\/#\/schema\/logo\/image\/","url":"https:\/\/boto.art.pl\/wp-content\/uploads\/2018\/03\/logotyp.svg","contentUrl":"https:\/\/boto.art.pl\/wp-content\/uploads\/2018\/03\/logotyp.svg","width":1,"height":1,"caption":"Teatr Boto"},"image":{"@id":"https:\/\/boto.art.pl\/#\/schema\/logo\/image\/"},"sameAs":["https:\/\/www.facebook.com\/teatrboto","https:\/\/www.instagram.com\/teatr_boto\/"]},{"@type":"Person","@id":"https:\/\/boto.art.pl\/#\/schema\/person\/32351b82314d51e0d0b8554bf8f95b4d","name":"Boto","image":{"@type":"ImageObject","inLanguage":"pl-PL","@id":"https:\/\/secure.gravatar.com\/avatar\/288f0389e19ee4a77a3bc15d367dc6c3aa38ec351ab562f6ebe60fbcdacabbef?s=96&d=mm&r=g","url":"https:\/\/secure.gravatar.com\/avatar\/288f0389e19ee4a77a3bc15d367dc6c3aa38ec351ab562f6ebe60fbcdacabbef?s=96&d=mm&r=g","contentUrl":"https:\/\/secure.gravatar.com\/avatar\/288f0389e19ee4a77a3bc15d367dc6c3aa38ec351ab562f6ebe60fbcdacabbef?s=96&d=mm&r=g","caption":"Boto"},"url":"https:\/\/boto.art.pl\/index.php\/author\/boto\/"}]}},"_links":{"self":[{"href":"https:\/\/boto.art.pl\/index.php\/wp-json\/wp\/v2\/posts\/70083","targetHints":{"allow":["GET"]}}],"collection":[{"href":"https:\/\/boto.art.pl\/index.php\/wp-json\/wp\/v2\/posts"}],"about":[{"href":"https:\/\/boto.art.pl\/index.php\/wp-json\/wp\/v2\/types\/post"}],"author":[{"embeddable":true,"href":"https:\/\/boto.art.pl\/index.php\/wp-json\/wp\/v2\/users\/2"}],"replies":[{"embeddable":true,"href":"https:\/\/boto.art.pl\/index.php\/wp-json\/wp\/v2\/comments?post=70083"}],"version-history":[{"count":5,"href":"https:\/\/boto.art.pl\/index.php\/wp-json\/wp\/v2\/posts\/70083\/revisions"}],"predecessor-version":[{"id":70090,"href":"https:\/\/boto.art.pl\/index.php\/wp-json\/wp\/v2\/posts\/70083\/revisions\/70090"}],"wp:featuredmedia":[{"embeddable":true,"href":"https:\/\/boto.art.pl\/index.php\/wp-json\/wp\/v2\/media\/70086"}],"wp:attachment":[{"href":"https:\/\/boto.art.pl\/index.php\/wp-json\/wp\/v2\/media?parent=70083"}],"wp:term":[{"taxonomy":"category","embeddable":true,"href":"https:\/\/boto.art.pl\/index.php\/wp-json\/wp\/v2\/categories?post=70083"},{"taxonomy":"post_tag","embeddable":true,"href":"https:\/\/boto.art.pl\/index.php\/wp-json\/wp\/v2\/tags?post=70083"}],"curies":[{"name":"wp","href":"https:\/\/api.w.org\/{rel}","templated":true}]}}