{"id":71823,"date":"2026-01-26T05:06:10","date_gmt":"2026-01-26T04:06:10","guid":{"rendered":"https:\/\/boto.art.pl\/?p=71823"},"modified":"2026-04-23T23:29:58","modified_gmt":"2026-04-23T21:29:58","slug":"caly-ten-chaos-wernisaz-kolazy-iwony-wojdowskiej","status":"publish","type":"post","link":"https:\/\/boto.art.pl\/index.php\/2026\/01\/26\/caly-ten-chaos-wernisaz-kolazy-iwony-wojdowskiej\/","title":{"rendered":"Ca\u0142y ten chaos &#8211; wernisa\u017c kola\u017cy Iwony Wojdowskiej"},"content":{"rendered":"<p>[et_pb_section fb_built=&#8221;1&#8243; admin_label=&#8221;Du\u017ce zdj\u0119cie&#8221; _builder_version=&#8221;4.27.5&#8243; background_image=&#8221;https:\/\/boto.art.pl\/wp-content\/uploads\/2026\/03\/zaproszenie_biale-z-nowym-logo.jpg&#8221; parallax=&#8221;on&#8221; custom_margin=&#8221;|||&#8221; custom_padding=&#8221;0px|0px|134px|0px&#8221; global_colors_info=&#8221;{}&#8221;][et_pb_row _builder_version=&#8221;4.27.0&#8243; custom_padding=&#8221;21px|0px|4px|50px&#8221; global_colors_info=&#8221;{}&#8221;][et_pb_column type=&#8221;4_4&#8243; _builder_version=&#8221;4.16&#8243; custom_padding=&#8221;|||&#8221; global_colors_info=&#8221;{}&#8221; custom_padding__hover=&#8221;|||&#8221;][et_pb_text admin_label=&#8221;Tytu\u0142&#8221; _builder_version=&#8221;4.27.5&#8243; text_font=&#8221;|700||on|||||&#8221; text_font_size=&#8221;34px&#8221; background_layout=&#8221;dark&#8221; custom_padding=&#8221;200px|||&#8221; text_text_shadow_style=&#8221;preset4&#8243; text_text_shadow_horizontal_length=&#8221;0.07em&#8221; text_text_shadow_color=&#8221;rgba(0,0,0,0.83)&#8221; global_colors_info=&#8221;{}&#8221;]<\/p>\n<p>Ca\u0142y ten chaos &#8211; wernisa\u017c kola\u017cy Iwony Wojdowskiej<\/p>\n<p>[\/et_pb_text][et_pb_text admin_label=&#8221;Data&#8221; _builder_version=&#8221;4.27.5&#8243; text_font=&#8221;|||on|||||&#8221; text_font_size=&#8221;30px&#8221; background_layout=&#8221;dark&#8221; text_text_shadow_style=&#8221;preset4&#8243; text_text_shadow_horizontal_length=&#8221;0.07em&#8221; text_text_shadow_color=&#8221;rgba(0,0,0,0.85)&#8221; global_colors_info=&#8221;{}&#8221;]<\/p>\n<p>26 marca, 19.00<\/p>\n<p>[\/et_pb_text][\/et_pb_column][\/et_pb_row][\/et_pb_section][et_pb_section fb_built=&#8221;1&#8243; _builder_version=&#8221;4.16&#8243; custom_margin=&#8221;0px|||&#8221; custom_padding=&#8221;0px|0px|0px|0px&#8221; global_colors_info=&#8221;{}&#8221;][et_pb_row column_structure=&#8221;1_2,1_2&#8243; _builder_version=&#8221;4.16&#8243; background_size=&#8221;initial&#8221; background_position=&#8221;top_left&#8221; background_repeat=&#8221;repeat&#8221; custom_padding=&#8221;80px|0px|27px|47px&#8221; global_colors_info=&#8221;{}&#8221;][et_pb_column type=&#8221;1_2&#8243; _builder_version=&#8221;4.16&#8243; custom_padding=&#8221;|||&#8221; global_colors_info=&#8221;{}&#8221; custom_padding__hover=&#8221;|||&#8221;][et_pb_text admin_label=&#8221;Tekst w\u0142a\u015bciwy&#8221; _builder_version=&#8221;4.27.5&#8243; hover_enabled=&#8221;0&#8243; global_colors_info=&#8221;{}&#8221; sticky_enabled=&#8221;0&#8243;]<\/p>\n<p>Wystawa jest pierwsz\u0105, tak rozleg\u0142\u0105, prezentacj\u0105 kola\u017cy, kt\u00f3re powstawa\u0142y na przestrzeni kilkunastu lat. Forma ta, jest odskoczni\u0105 od pracy Fotografa, chwil\u0105 na inny g\u0142os intuicji, kt\u00f3ra w procesie tw\u00f3rczym opowiada o zakamarkach \u017cycia i bycia autorki. Kola\u017ce w wi\u0119kszo\u015bci klejone s\u0105 manualnie, wtedy najg\u0142o\u015bniej gada pod\u015bwiadomo\u015b\u0107. Inna firma, to fotografie drukowane na p\u0142\u00f3tnie, kt\u00f3re s\u0105 baz\u0105 pod kolejny etap, klejenie, malowanie, rysowanie, czyli dodawanie czynnika ludzkiego do produktu cyfrowego. Wystawa ta, to ko\u0142owrotek historii, opowiedzianych przez obrazy.<\/p>\n<p>Wst\u0119p na wernisa\u017c i wystaw\u0119 bezp\u0142atny.<\/p>\n<p>Po wernisa\u017cu zach\u0119camy do udzia\u0142u w czwartkowym jam session jazzowym, kt\u00f3rego gospodarzem w tym tygodniu b\u0119dzie Boskie Cia\u0142ko.<\/p>\n<p>&nbsp;<\/p>\n<p>[\/et_pb_text][\/et_pb_column][et_pb_column type=&#8221;1_2&#8243; _builder_version=&#8221;4.16&#8243; custom_padding=&#8221;|||&#8221; global_colors_info=&#8221;{}&#8221; custom_padding__hover=&#8221;|||&#8221;][et_pb_divider color=&#8221;#e0e0e0&#8243; _builder_version=&#8221;4.16&#8243; global_colors_info=&#8221;{}&#8221;][\/et_pb_divider][et_pb_testimonial _builder_version=&#8221;4.27.5&#8243; _module_preset=&#8221;default&#8221; global_colors_info=&#8221;{}&#8221;]<\/p>\n<p>wi\u0119cej o autorce:<\/p>\n<p><strong>Iwona Wojdowska<\/strong><\/p>\n<p>Absolwentka Sopockich Szk\u00f3\u0142 Fotografii Artystycznej, Fotomedia 2006, Tr\u00f3jmiejska Szko\u0142\u0105 Fotografii Arystycznej 2008 i Uniwersytetu Gda\u0144skiego 2002.<\/p>\n<p>Wsp\u00f3\u0142pracuje z tr\u00f3jmiejskimi Artystami, Teatrami i Instytucjami Kulturalnymi, dokumentuj\u0105c wydarzenia, festiwale, spektakle i koncerty. Portretuje stron\u0119 artystyczn\u0105 tr\u00f3jmiasta, czego wynikiem s\u0105 liczne ok\u0142adki p\u0142yt, ksi\u0105\u017cek, czasopism, kalendarze, a tak\u017ce oprawy fotograficzne wielu publikacji. <br \/>Jest Fotografk\u0105 dokumentuj\u0105c\u0105 wydarzenia kulturalne w ca\u0142ej Polsce, Festiwal Kultury \u017cydowskiej ZBLI\u017bENIA, Festiwal kultur Globaltica, Festiwal Ecstatic Dance, Festiwal Praweda, Festiwal Niepodleg\u0142a, Festiwale Organowe,Festiwal o`Polski, Festiwal Copernicus i wiele innych.<\/p>\n<p>Od lat przyja\u017ani si\u0119 z gdy\u0144skimi Fundacjami i Stowarzyszeniami zrzeszaj\u0105cymi Osoby z Niepe\u0142nosprawno\u015bciami, portretuj\u0105c podopiecznych oraz dokumentuj\u0105c wydarzenia w kt\u00f3rych bior\u0105 udzia\u0142. <br \/>Jest laureatk\u0105 XXI &#8222;Konkursu Gdynia bez barier za \u201e&#8221;malowanie&#8221; rzeczywisto\u015bci pe\u0142nej emocji i prawdy o cz\u0142owieku\u201d.<\/p>\n<p>Jako Fotografka, od ponad 20 lat, pracuje z kobietami, podczas indywidualnych sesji zdj\u0119ciowych i warsztat\u00f3w rozwojowych. Wykorzystuje wtedy fotografi\u0119 jako narz\u0119dzie do pracy z cia\u0142em, duchem i my\u015bleniem o sobie w szerszym aspekcie. Korzystaj\u0105c z wieloletniego do\u015bwiadczenia w pracy jako Fotograf, inicjuje inne patrzenie na siebie, uwa\u017cnie obserwuje i uwiecznia obraz prawdziwego cz\u0142owieka.<\/p>\n<p>Od lat zajmuje si\u0119 r\u00f3wnie\u017c klejeniem kola\u017cy, cyfrowo i manualnie, projektowaniem grafik i plakat\u00f3w.<\/p>\n<p>Jej dorobek artystyczny to wiele wystaw indywidualnych w kraju i za granic\u0105, ok\u0142adki pism i p\u0142yt wielu wykonawc\u00f3w oraz publikacje w czasopismach bran\u017cowych i w sieci.<\/p>\n<p>[\/et_pb_testimonial][et_pb_divider color=&#8221;#e0e0e0&#8243; _builder_version=&#8221;4.16&#8243; global_colors_info=&#8221;{}&#8221;][\/et_pb_divider][\/et_pb_column][\/et_pb_row][\/et_pb_section]<\/p>\n","protected":false},"excerpt":{"rendered":"<blockquote><p><strong>26 marca, 19.00<\/strong><\/p><\/blockquote>\n<p>Wystawa jest pierwsz\u0105, tak rozleg\u0142\u0105, prezentacj\u0105 kola\u017cy, kt\u00f3re powstawa\u0142y na przestrzeni kilkunastu lat. Forma ta, jest odskoczni\u0105 od pracy Fotografa, chwil\u0105 na inny g\u0142os intuicji, kt\u00f3ra w procesie tw\u00f3rczym opowiada o zakamarkach \u017cycia i bycia autorki. Kola\u017ce w wi\u0119kszo\u015bci klejone s\u0105 manualnie, wtedy najg\u0142o\u015bniej gada pod\u015bwiadomo\u015b\u0107. Inna firma, to fotografie drukowane na p\u0142\u00f3tnie, kt\u00f3re s\u0105 baz\u0105 pod kolejny etap, klejenie, malowanie, rysowanie, czyli dodawanie czynnika ludzkiego do produktu cyfrowego. Wystawa ta, to ko\u0142owrotek historii, opowiedzianych przez obrazy.<\/p>\n","protected":false},"author":2,"featured_media":71826,"comment_status":"closed","ping_status":"closed","sticky":false,"template":"","format":"standard","meta":{"_et_pb_use_builder":"on","_et_pb_old_content":"","_et_gb_content_width":"","inline_featured_image":false,"footnotes":""},"categories":[153,1],"tags":[],"class_list":["post-71823","post","type-post","status-publish","format-standard","has-post-thumbnail","hentry","category-archiwum","category-bez-kategorii"],"yoast_head":"<!-- This site is optimized with the Yoast SEO plugin v27.5 - https:\/\/yoast.com\/product\/yoast-seo-wordpress\/ -->\n<title>Ca\u0142y ten chaos - wernisa\u017c kola\u017cy Iwony Wojdowskiej &#8212; Teatr Boto<\/title>\n<meta name=\"robots\" content=\"index, follow, max-snippet:-1, max-image-preview:large, max-video-preview:-1\" \/>\n<link rel=\"canonical\" href=\"https:\/\/boto.art.pl\/index.php\/2026\/01\/26\/caly-ten-chaos-wernisaz-kolazy-iwony-wojdowskiej\/\" \/>\n<meta property=\"og:locale\" content=\"pl_PL\" \/>\n<meta property=\"og:type\" content=\"article\" \/>\n<meta property=\"og:title\" content=\"Ca\u0142y ten chaos - wernisa\u017c kola\u017cy Iwony Wojdowskiej &#8212; Teatr Boto\" \/>\n<meta property=\"og:description\" content=\"26 marca, 19.00 Wystawa jest pierwsz\u0105, tak rozleg\u0142\u0105, prezentacj\u0105 kola\u017cy, kt\u00f3re powstawa\u0142y na przestrzeni kilkunastu lat. Forma ta, jest odskoczni\u0105 od pracy Fotografa, chwil\u0105 na inny g\u0142os intuicji, kt\u00f3ra w procesie tw\u00f3rczym opowiada o zakamarkach \u017cycia i bycia autorki. Kola\u017ce w wi\u0119kszo\u015bci klejone s\u0105 manualnie, wtedy najg\u0142o\u015bniej gada pod\u015bwiadomo\u015b\u0107. Inna firma, to fotografie drukowane na p\u0142\u00f3tnie, kt\u00f3re s\u0105 baz\u0105 pod kolejny etap, klejenie, malowanie, rysowanie, czyli dodawanie czynnika ludzkiego do produktu cyfrowego. Wystawa ta, to ko\u0142owrotek historii, opowiedzianych przez obrazy.\" \/>\n<meta property=\"og:url\" content=\"https:\/\/boto.art.pl\/index.php\/2026\/01\/26\/caly-ten-chaos-wernisaz-kolazy-iwony-wojdowskiej\/\" \/>\n<meta property=\"og:site_name\" content=\"Teatr Boto\" \/>\n<meta property=\"article:publisher\" content=\"https:\/\/www.facebook.com\/teatrboto\" \/>\n<meta property=\"article:published_time\" content=\"2026-01-26T04:06:10+00:00\" \/>\n<meta property=\"article:modified_time\" content=\"2026-04-23T21:29:58+00:00\" \/>\n<meta property=\"og:image\" content=\"https:\/\/boto.art.pl\/wp-content\/uploads\/2026\/03\/zaproszenie_biale-z-nowym-logo.jpg\" \/>\n\t<meta property=\"og:image:width\" content=\"2543\" \/>\n\t<meta property=\"og:image:height\" content=\"1379\" \/>\n\t<meta property=\"og:image:type\" content=\"image\/jpeg\" \/>\n<meta name=\"author\" content=\"Boto\" \/>\n<meta name=\"twitter:card\" content=\"summary_large_image\" \/>\n<meta name=\"twitter:label1\" content=\"Napisane przez\" \/>\n\t<meta name=\"twitter:data1\" content=\"Boto\" \/>\n\t<meta name=\"twitter:label2\" content=\"Szacowany czas czytania\" \/>\n\t<meta name=\"twitter:data2\" content=\"3 minuty\" \/>\n<script type=\"application\/ld+json\" class=\"yoast-schema-graph\">{\"@context\":\"https:\\\/\\\/schema.org\",\"@graph\":[{\"@type\":\"Article\",\"@id\":\"https:\\\/\\\/boto.art.pl\\\/index.php\\\/2026\\\/01\\\/26\\\/caly-ten-chaos-wernisaz-kolazy-iwony-wojdowskiej\\\/#article\",\"isPartOf\":{\"@id\":\"https:\\\/\\\/boto.art.pl\\\/index.php\\\/2026\\\/01\\\/26\\\/caly-ten-chaos-wernisaz-kolazy-iwony-wojdowskiej\\\/\"},\"author\":{\"name\":\"Boto\",\"@id\":\"https:\\\/\\\/boto.art.pl\\\/#\\\/schema\\\/person\\\/32351b82314d51e0d0b8554bf8f95b4d\"},\"headline\":\"Ca\u0142y ten chaos &#8211; wernisa\u017c kola\u017cy Iwony Wojdowskiej\",\"datePublished\":\"2026-01-26T04:06:10+00:00\",\"dateModified\":\"2026-04-23T21:29:58+00:00\",\"mainEntityOfPage\":{\"@id\":\"https:\\\/\\\/boto.art.pl\\\/index.php\\\/2026\\\/01\\\/26\\\/caly-ten-chaos-wernisaz-kolazy-iwony-wojdowskiej\\\/\"},\"wordCount\":708,\"publisher\":{\"@id\":\"https:\\\/\\\/boto.art.pl\\\/#organization\"},\"image\":{\"@id\":\"https:\\\/\\\/boto.art.pl\\\/index.php\\\/2026\\\/01\\\/26\\\/caly-ten-chaos-wernisaz-kolazy-iwony-wojdowskiej\\\/#primaryimage\"},\"thumbnailUrl\":\"https:\\\/\\\/boto.art.pl\\\/wp-content\\\/uploads\\\/2026\\\/03\\\/zaproszenie_biale-z-nowym-logo.jpg\",\"articleSection\":[\"archiwum\"],\"inLanguage\":\"pl-PL\"},{\"@type\":\"WebPage\",\"@id\":\"https:\\\/\\\/boto.art.pl\\\/index.php\\\/2026\\\/01\\\/26\\\/caly-ten-chaos-wernisaz-kolazy-iwony-wojdowskiej\\\/\",\"url\":\"https:\\\/\\\/boto.art.pl\\\/index.php\\\/2026\\\/01\\\/26\\\/caly-ten-chaos-wernisaz-kolazy-iwony-wojdowskiej\\\/\",\"name\":\"Ca\u0142y ten chaos - wernisa\u017c kola\u017cy Iwony Wojdowskiej &#8212; Teatr Boto\",\"isPartOf\":{\"@id\":\"https:\\\/\\\/boto.art.pl\\\/#website\"},\"primaryImageOfPage\":{\"@id\":\"https:\\\/\\\/boto.art.pl\\\/index.php\\\/2026\\\/01\\\/26\\\/caly-ten-chaos-wernisaz-kolazy-iwony-wojdowskiej\\\/#primaryimage\"},\"image\":{\"@id\":\"https:\\\/\\\/boto.art.pl\\\/index.php\\\/2026\\\/01\\\/26\\\/caly-ten-chaos-wernisaz-kolazy-iwony-wojdowskiej\\\/#primaryimage\"},\"thumbnailUrl\":\"https:\\\/\\\/boto.art.pl\\\/wp-content\\\/uploads\\\/2026\\\/03\\\/zaproszenie_biale-z-nowym-logo.jpg\",\"datePublished\":\"2026-01-26T04:06:10+00:00\",\"dateModified\":\"2026-04-23T21:29:58+00:00\",\"breadcrumb\":{\"@id\":\"https:\\\/\\\/boto.art.pl\\\/index.php\\\/2026\\\/01\\\/26\\\/caly-ten-chaos-wernisaz-kolazy-iwony-wojdowskiej\\\/#breadcrumb\"},\"inLanguage\":\"pl-PL\",\"potentialAction\":[{\"@type\":\"ReadAction\",\"target\":[\"https:\\\/\\\/boto.art.pl\\\/index.php\\\/2026\\\/01\\\/26\\\/caly-ten-chaos-wernisaz-kolazy-iwony-wojdowskiej\\\/\"]}]},{\"@type\":\"ImageObject\",\"inLanguage\":\"pl-PL\",\"@id\":\"https:\\\/\\\/boto.art.pl\\\/index.php\\\/2026\\\/01\\\/26\\\/caly-ten-chaos-wernisaz-kolazy-iwony-wojdowskiej\\\/#primaryimage\",\"url\":\"https:\\\/\\\/boto.art.pl\\\/wp-content\\\/uploads\\\/2026\\\/03\\\/zaproszenie_biale-z-nowym-logo.jpg\",\"contentUrl\":\"https:\\\/\\\/boto.art.pl\\\/wp-content\\\/uploads\\\/2026\\\/03\\\/zaproszenie_biale-z-nowym-logo.jpg\",\"width\":2543,\"height\":1379},{\"@type\":\"BreadcrumbList\",\"@id\":\"https:\\\/\\\/boto.art.pl\\\/index.php\\\/2026\\\/01\\\/26\\\/caly-ten-chaos-wernisaz-kolazy-iwony-wojdowskiej\\\/#breadcrumb\",\"itemListElement\":[{\"@type\":\"ListItem\",\"position\":1,\"name\":\"Strona g\u0142\u00f3wna\",\"item\":\"https:\\\/\\\/boto.art.pl\\\/\"},{\"@type\":\"ListItem\",\"position\":2,\"name\":\"Ca\u0142y ten chaos &#8211; wernisa\u017c kola\u017cy Iwony Wojdowskiej\"}]},{\"@type\":\"WebSite\",\"@id\":\"https:\\\/\\\/boto.art.pl\\\/#website\",\"url\":\"https:\\\/\\\/boto.art.pl\\\/\",\"name\":\"Teatr Boto\",\"description\":\"\",\"publisher\":{\"@id\":\"https:\\\/\\\/boto.art.pl\\\/#organization\"},\"potentialAction\":[{\"@type\":\"SearchAction\",\"target\":{\"@type\":\"EntryPoint\",\"urlTemplate\":\"https:\\\/\\\/boto.art.pl\\\/?s={search_term_string}\"},\"query-input\":{\"@type\":\"PropertyValueSpecification\",\"valueRequired\":true,\"valueName\":\"search_term_string\"}}],\"inLanguage\":\"pl-PL\"},{\"@type\":\"Organization\",\"@id\":\"https:\\\/\\\/boto.art.pl\\\/#organization\",\"name\":\"Teatr Boto\",\"url\":\"https:\\\/\\\/boto.art.pl\\\/\",\"logo\":{\"@type\":\"ImageObject\",\"inLanguage\":\"pl-PL\",\"@id\":\"https:\\\/\\\/boto.art.pl\\\/#\\\/schema\\\/logo\\\/image\\\/\",\"url\":\"https:\\\/\\\/boto.art.pl\\\/wp-content\\\/uploads\\\/2018\\\/03\\\/logotyp.svg\",\"contentUrl\":\"https:\\\/\\\/boto.art.pl\\\/wp-content\\\/uploads\\\/2018\\\/03\\\/logotyp.svg\",\"width\":1,\"height\":1,\"caption\":\"Teatr Boto\"},\"image\":{\"@id\":\"https:\\\/\\\/boto.art.pl\\\/#\\\/schema\\\/logo\\\/image\\\/\"},\"sameAs\":[\"https:\\\/\\\/www.facebook.com\\\/teatrboto\",\"https:\\\/\\\/www.instagram.com\\\/teatr_boto\\\/\"]},{\"@type\":\"Person\",\"@id\":\"https:\\\/\\\/boto.art.pl\\\/#\\\/schema\\\/person\\\/32351b82314d51e0d0b8554bf8f95b4d\",\"name\":\"Boto\",\"image\":{\"@type\":\"ImageObject\",\"inLanguage\":\"pl-PL\",\"@id\":\"https:\\\/\\\/secure.gravatar.com\\\/avatar\\\/288f0389e19ee4a77a3bc15d367dc6c3aa38ec351ab562f6ebe60fbcdacabbef?s=96&d=mm&r=g\",\"url\":\"https:\\\/\\\/secure.gravatar.com\\\/avatar\\\/288f0389e19ee4a77a3bc15d367dc6c3aa38ec351ab562f6ebe60fbcdacabbef?s=96&d=mm&r=g\",\"contentUrl\":\"https:\\\/\\\/secure.gravatar.com\\\/avatar\\\/288f0389e19ee4a77a3bc15d367dc6c3aa38ec351ab562f6ebe60fbcdacabbef?s=96&d=mm&r=g\",\"caption\":\"Boto\"},\"url\":\"https:\\\/\\\/boto.art.pl\\\/index.php\\\/author\\\/boto\\\/\"}]}<\/script>\n<!-- \/ Yoast SEO plugin. -->","yoast_head_json":{"title":"Ca\u0142y ten chaos - wernisa\u017c kola\u017cy Iwony Wojdowskiej &#8212; Teatr Boto","robots":{"index":"index","follow":"follow","max-snippet":"max-snippet:-1","max-image-preview":"max-image-preview:large","max-video-preview":"max-video-preview:-1"},"canonical":"https:\/\/boto.art.pl\/index.php\/2026\/01\/26\/caly-ten-chaos-wernisaz-kolazy-iwony-wojdowskiej\/","og_locale":"pl_PL","og_type":"article","og_title":"Ca\u0142y ten chaos - wernisa\u017c kola\u017cy Iwony Wojdowskiej &#8212; Teatr Boto","og_description":"26 marca, 19.00 Wystawa jest pierwsz\u0105, tak rozleg\u0142\u0105, prezentacj\u0105 kola\u017cy, kt\u00f3re powstawa\u0142y na przestrzeni kilkunastu lat. Forma ta, jest odskoczni\u0105 od pracy Fotografa, chwil\u0105 na inny g\u0142os intuicji, kt\u00f3ra w procesie tw\u00f3rczym opowiada o zakamarkach \u017cycia i bycia autorki. Kola\u017ce w wi\u0119kszo\u015bci klejone s\u0105 manualnie, wtedy najg\u0142o\u015bniej gada pod\u015bwiadomo\u015b\u0107. Inna firma, to fotografie drukowane na p\u0142\u00f3tnie, kt\u00f3re s\u0105 baz\u0105 pod kolejny etap, klejenie, malowanie, rysowanie, czyli dodawanie czynnika ludzkiego do produktu cyfrowego. Wystawa ta, to ko\u0142owrotek historii, opowiedzianych przez obrazy.","og_url":"https:\/\/boto.art.pl\/index.php\/2026\/01\/26\/caly-ten-chaos-wernisaz-kolazy-iwony-wojdowskiej\/","og_site_name":"Teatr Boto","article_publisher":"https:\/\/www.facebook.com\/teatrboto","article_published_time":"2026-01-26T04:06:10+00:00","article_modified_time":"2026-04-23T21:29:58+00:00","og_image":[{"width":2543,"height":1379,"url":"https:\/\/boto.art.pl\/wp-content\/uploads\/2026\/03\/zaproszenie_biale-z-nowym-logo.jpg","type":"image\/jpeg"}],"author":"Boto","twitter_card":"summary_large_image","twitter_misc":{"Napisane przez":"Boto","Szacowany czas czytania":"3 minuty"},"schema":{"@context":"https:\/\/schema.org","@graph":[{"@type":"Article","@id":"https:\/\/boto.art.pl\/index.php\/2026\/01\/26\/caly-ten-chaos-wernisaz-kolazy-iwony-wojdowskiej\/#article","isPartOf":{"@id":"https:\/\/boto.art.pl\/index.php\/2026\/01\/26\/caly-ten-chaos-wernisaz-kolazy-iwony-wojdowskiej\/"},"author":{"name":"Boto","@id":"https:\/\/boto.art.pl\/#\/schema\/person\/32351b82314d51e0d0b8554bf8f95b4d"},"headline":"Ca\u0142y ten chaos &#8211; wernisa\u017c kola\u017cy Iwony Wojdowskiej","datePublished":"2026-01-26T04:06:10+00:00","dateModified":"2026-04-23T21:29:58+00:00","mainEntityOfPage":{"@id":"https:\/\/boto.art.pl\/index.php\/2026\/01\/26\/caly-ten-chaos-wernisaz-kolazy-iwony-wojdowskiej\/"},"wordCount":708,"publisher":{"@id":"https:\/\/boto.art.pl\/#organization"},"image":{"@id":"https:\/\/boto.art.pl\/index.php\/2026\/01\/26\/caly-ten-chaos-wernisaz-kolazy-iwony-wojdowskiej\/#primaryimage"},"thumbnailUrl":"https:\/\/boto.art.pl\/wp-content\/uploads\/2026\/03\/zaproszenie_biale-z-nowym-logo.jpg","articleSection":["archiwum"],"inLanguage":"pl-PL"},{"@type":"WebPage","@id":"https:\/\/boto.art.pl\/index.php\/2026\/01\/26\/caly-ten-chaos-wernisaz-kolazy-iwony-wojdowskiej\/","url":"https:\/\/boto.art.pl\/index.php\/2026\/01\/26\/caly-ten-chaos-wernisaz-kolazy-iwony-wojdowskiej\/","name":"Ca\u0142y ten chaos - wernisa\u017c kola\u017cy Iwony Wojdowskiej &#8212; Teatr Boto","isPartOf":{"@id":"https:\/\/boto.art.pl\/#website"},"primaryImageOfPage":{"@id":"https:\/\/boto.art.pl\/index.php\/2026\/01\/26\/caly-ten-chaos-wernisaz-kolazy-iwony-wojdowskiej\/#primaryimage"},"image":{"@id":"https:\/\/boto.art.pl\/index.php\/2026\/01\/26\/caly-ten-chaos-wernisaz-kolazy-iwony-wojdowskiej\/#primaryimage"},"thumbnailUrl":"https:\/\/boto.art.pl\/wp-content\/uploads\/2026\/03\/zaproszenie_biale-z-nowym-logo.jpg","datePublished":"2026-01-26T04:06:10+00:00","dateModified":"2026-04-23T21:29:58+00:00","breadcrumb":{"@id":"https:\/\/boto.art.pl\/index.php\/2026\/01\/26\/caly-ten-chaos-wernisaz-kolazy-iwony-wojdowskiej\/#breadcrumb"},"inLanguage":"pl-PL","potentialAction":[{"@type":"ReadAction","target":["https:\/\/boto.art.pl\/index.php\/2026\/01\/26\/caly-ten-chaos-wernisaz-kolazy-iwony-wojdowskiej\/"]}]},{"@type":"ImageObject","inLanguage":"pl-PL","@id":"https:\/\/boto.art.pl\/index.php\/2026\/01\/26\/caly-ten-chaos-wernisaz-kolazy-iwony-wojdowskiej\/#primaryimage","url":"https:\/\/boto.art.pl\/wp-content\/uploads\/2026\/03\/zaproszenie_biale-z-nowym-logo.jpg","contentUrl":"https:\/\/boto.art.pl\/wp-content\/uploads\/2026\/03\/zaproszenie_biale-z-nowym-logo.jpg","width":2543,"height":1379},{"@type":"BreadcrumbList","@id":"https:\/\/boto.art.pl\/index.php\/2026\/01\/26\/caly-ten-chaos-wernisaz-kolazy-iwony-wojdowskiej\/#breadcrumb","itemListElement":[{"@type":"ListItem","position":1,"name":"Strona g\u0142\u00f3wna","item":"https:\/\/boto.art.pl\/"},{"@type":"ListItem","position":2,"name":"Ca\u0142y ten chaos &#8211; wernisa\u017c kola\u017cy Iwony Wojdowskiej"}]},{"@type":"WebSite","@id":"https:\/\/boto.art.pl\/#website","url":"https:\/\/boto.art.pl\/","name":"Teatr Boto","description":"","publisher":{"@id":"https:\/\/boto.art.pl\/#organization"},"potentialAction":[{"@type":"SearchAction","target":{"@type":"EntryPoint","urlTemplate":"https:\/\/boto.art.pl\/?s={search_term_string}"},"query-input":{"@type":"PropertyValueSpecification","valueRequired":true,"valueName":"search_term_string"}}],"inLanguage":"pl-PL"},{"@type":"Organization","@id":"https:\/\/boto.art.pl\/#organization","name":"Teatr Boto","url":"https:\/\/boto.art.pl\/","logo":{"@type":"ImageObject","inLanguage":"pl-PL","@id":"https:\/\/boto.art.pl\/#\/schema\/logo\/image\/","url":"https:\/\/boto.art.pl\/wp-content\/uploads\/2018\/03\/logotyp.svg","contentUrl":"https:\/\/boto.art.pl\/wp-content\/uploads\/2018\/03\/logotyp.svg","width":1,"height":1,"caption":"Teatr Boto"},"image":{"@id":"https:\/\/boto.art.pl\/#\/schema\/logo\/image\/"},"sameAs":["https:\/\/www.facebook.com\/teatrboto","https:\/\/www.instagram.com\/teatr_boto\/"]},{"@type":"Person","@id":"https:\/\/boto.art.pl\/#\/schema\/person\/32351b82314d51e0d0b8554bf8f95b4d","name":"Boto","image":{"@type":"ImageObject","inLanguage":"pl-PL","@id":"https:\/\/secure.gravatar.com\/avatar\/288f0389e19ee4a77a3bc15d367dc6c3aa38ec351ab562f6ebe60fbcdacabbef?s=96&d=mm&r=g","url":"https:\/\/secure.gravatar.com\/avatar\/288f0389e19ee4a77a3bc15d367dc6c3aa38ec351ab562f6ebe60fbcdacabbef?s=96&d=mm&r=g","contentUrl":"https:\/\/secure.gravatar.com\/avatar\/288f0389e19ee4a77a3bc15d367dc6c3aa38ec351ab562f6ebe60fbcdacabbef?s=96&d=mm&r=g","caption":"Boto"},"url":"https:\/\/boto.art.pl\/index.php\/author\/boto\/"}]}},"_links":{"self":[{"href":"https:\/\/boto.art.pl\/index.php\/wp-json\/wp\/v2\/posts\/71823","targetHints":{"allow":["GET"]}}],"collection":[{"href":"https:\/\/boto.art.pl\/index.php\/wp-json\/wp\/v2\/posts"}],"about":[{"href":"https:\/\/boto.art.pl\/index.php\/wp-json\/wp\/v2\/types\/post"}],"author":[{"embeddable":true,"href":"https:\/\/boto.art.pl\/index.php\/wp-json\/wp\/v2\/users\/2"}],"replies":[{"embeddable":true,"href":"https:\/\/boto.art.pl\/index.php\/wp-json\/wp\/v2\/comments?post=71823"}],"version-history":[{"count":9,"href":"https:\/\/boto.art.pl\/index.php\/wp-json\/wp\/v2\/posts\/71823\/revisions"}],"predecessor-version":[{"id":71858,"href":"https:\/\/boto.art.pl\/index.php\/wp-json\/wp\/v2\/posts\/71823\/revisions\/71858"}],"wp:featuredmedia":[{"embeddable":true,"href":"https:\/\/boto.art.pl\/index.php\/wp-json\/wp\/v2\/media\/71826"}],"wp:attachment":[{"href":"https:\/\/boto.art.pl\/index.php\/wp-json\/wp\/v2\/media?parent=71823"}],"wp:term":[{"taxonomy":"category","embeddable":true,"href":"https:\/\/boto.art.pl\/index.php\/wp-json\/wp\/v2\/categories?post=71823"},{"taxonomy":"post_tag","embeddable":true,"href":"https:\/\/boto.art.pl\/index.php\/wp-json\/wp\/v2\/tags?post=71823"}],"curies":[{"name":"wp","href":"https:\/\/api.w.org\/{rel}","templated":true}]}}