{"id":72123,"date":"2026-03-11T20:46:08","date_gmt":"2026-03-11T19:46:08","guid":{"rendered":"https:\/\/boto.art.pl\/?p=72123"},"modified":"2026-04-23T21:22:18","modified_gmt":"2026-04-23T19:22:18","slug":"czytanie-sceny-don-juan-wraca-z-wojny-festiwal-literatury-i-teatru-between-pomiedzy-2026","status":"publish","type":"post","link":"https:\/\/boto.art.pl\/index.php\/2026\/03\/11\/czytanie-sceny-don-juan-wraca-z-wojny-festiwal-literatury-i-teatru-between-pomiedzy-2026\/","title":{"rendered":"Czytanie Sceny: ,,Don Juan wraca z wojny&#8221; | Festiwal Literatury i Teatru Between.Pomi\u0119dzy 2026."},"content":{"rendered":"<p>[et_pb_section fb_built=&#8221;1&#8243; admin_label=&#8221;Du\u017ce zdj\u0119cie&#8221; _builder_version=&#8221;4.27.5&#8243; background_image=&#8221;https:\/\/boto.art.pl\/wp-content\/uploads\/2026\/04\/11.-Don-Juan-wraca-z-wojny-12.png&#8221; parallax=&#8221;on&#8221; custom_margin=&#8221;|||&#8221; custom_padding=&#8221;0px|0px|134px|0px&#8221; hover_enabled=&#8221;0&#8243; global_colors_info=&#8221;{}&#8221; theme_builder_area=&#8221;post_content&#8221; title_text=&#8221;11. Don Juan wraca z wojny (1)2&#8243; sticky_enabled=&#8221;0&#8243;][et_pb_row _builder_version=&#8221;4.27.0&#8243; custom_padding=&#8221;21px|0px|4px|50px&#8221; global_colors_info=&#8221;{}&#8221; theme_builder_area=&#8221;post_content&#8221;][et_pb_column type=&#8221;4_4&#8243; _builder_version=&#8221;4.16&#8243; custom_padding=&#8221;|||&#8221; global_colors_info=&#8221;{}&#8221; custom_padding__hover=&#8221;|||&#8221; theme_builder_area=&#8221;post_content&#8221;][et_pb_text admin_label=&#8221;Tytu\u0142&#8221; _builder_version=&#8221;4.27.5&#8243; text_font=&#8221;|700||on|||||&#8221; text_font_size=&#8221;34px&#8221; background_layout=&#8221;dark&#8221; custom_padding=&#8221;200px|||&#8221; hover_enabled=&#8221;0&#8243; text_text_shadow_style=&#8221;preset4&#8243; text_text_shadow_horizontal_length=&#8221;0.07em&#8221; text_text_shadow_color=&#8221;rgba(0,0,0,0.83)&#8221; global_colors_info=&#8221;{}&#8221; theme_builder_area=&#8221;post_content&#8221; sticky_enabled=&#8221;0&#8243;]<\/p>\n<p>Czytanie Sceny: ,,Don Juan wraca z wojny&#8221; | Festiwal Literatury i Teatru Between.Pomi\u0119dzy 2026.<\/p>\n<p>[\/et_pb_text][et_pb_text admin_label=&#8221;Data&#8221; _builder_version=&#8221;4.27.5&#8243; text_font=&#8221;|||on|||||&#8221; text_font_size=&#8221;30px&#8221; background_layout=&#8221;dark&#8221; hover_enabled=&#8221;0&#8243; text_text_shadow_style=&#8221;preset4&#8243; text_text_shadow_horizontal_length=&#8221;0.07em&#8221; text_text_shadow_color=&#8221;rgba(0,0,0,0.85)&#8221; global_colors_info=&#8221;{}&#8221; theme_builder_area=&#8221;post_content&#8221; sticky_enabled=&#8221;0&#8243;]<\/p>\n<p>11 maja, 19:30<\/p>\n<p>[\/et_pb_text][\/et_pb_column][\/et_pb_row][\/et_pb_section][et_pb_section fb_built=&#8221;1&#8243; _builder_version=&#8221;4.16&#8243; custom_margin=&#8221;0px|||&#8221; custom_padding=&#8221;0px|0px|0px|0px&#8221; global_colors_info=&#8221;{}&#8221; theme_builder_area=&#8221;post_content&#8221;][et_pb_row _builder_version=&#8221;4.16&#8243; background_size=&#8221;initial&#8221; background_position=&#8221;top_left&#8221; background_repeat=&#8221;repeat&#8221; custom_padding=&#8221;80px|0px|27px|47px&#8221; global_colors_info=&#8221;{}&#8221; theme_builder_area=&#8221;post_content&#8221;][et_pb_column type=&#8221;4_4&#8243; _builder_version=&#8221;4.16&#8243; custom_padding=&#8221;|||&#8221; global_colors_info=&#8221;{}&#8221; custom_padding__hover=&#8221;|||&#8221; theme_builder_area=&#8221;post_content&#8221;][et_pb_text admin_label=&#8221;Tekst w\u0142a\u015bciwy&#8221; _builder_version=&#8221;4.27.5&#8243; hover_enabled=&#8221;0&#8243; global_colors_info=&#8221;{}&#8221; theme_builder_area=&#8221;post_content&#8221; sticky_enabled=&#8221;0&#8243;]<\/p>\n<p><strong>Poniedzia\u0142ek, 11.05.2026<\/strong><br \/><strong>19.30 TEATR BOTO<\/strong><br \/><strong>\u25cf Czytanie Sceny: Don Juan wraca z wojny, re\u017c. Micha\u0142 Derlatka. <\/strong><br \/><strong>Rozmowa Ma\u0142gorzaty Wo\u017aniak z tw\u00f3rcami.<\/strong><\/p>\n<p>WYDARZENIE<br \/>\u201eDon Juan wraca z wojny\u201d w re\u017cyserii Micha\u0142a Derlatki to opowie\u015b\u0107 o bohaterze, kt\u00f3ry zamiast triumfu przywozi ze sob\u0105 ci\u0119\u017car do\u015bwiadcze\u0144. Dawny uwodziciel wci\u0105\u017c pos\u0142uguje si\u0119 znanymi gestami i s\u0142owami, lecz po raz pierwszy zaczyna w\u0105tpi\u0107 w ich sens. Mi\u0142o\u015b\u0107 staje si\u0119 tu form\u0105 ucieczki, a ironia mechanizmem obronnym. Don Juan staje przed pytaniem, kt\u00f3rego dot\u0105d unika\u0142: czy \u017cycie jest czym\u015b wi\u0119cej ni\u017c tylko gr\u0105 pozor\u00f3w, skoro rzeczywisto\u015b\u0107 jest tak ulotna?<\/p>\n<p>\u201eDon Juan wraca z wojny\u201d to inscenizowane s\u0142uchowisko wzbogacone o animacyjny performans na \u017cywo, \u0142\u0105cz\u0105ce r\u00f3\u017cne \u015brodki wyrazu w sp\u00f3jn\u0105 ca\u0142o\u015b\u0107.<\/p>\n<p>Na zako\u0144czenie wieczoru odb\u0119dzie si\u0119 rozmowa Ma\u0142gorzaty Wo\u017aniak z tw\u00f3rcami.<\/p>\n<p>Wydarzenie odbywa si\u0119 w ramach Festiwalu Literatury i Teatru Between.Pomi\u0119dzy.<\/p>\n<p>Re\u017cyseria: Micha\u0142 Derlatka<br \/>Tekst: \u00d6d\u00f6n von Horv\u00e1th<br \/>Przek\u0142ad: Monika Muska\u0142a<br \/>Muzyka: Adam Szymczyk<br \/>Obsada: Sylwia G\u00f3ra, Marek Tynda, Magdalena G\u0142adysiewicz<\/p>\n<p>Bilety mo\u017cna kupi\u0107 na stronie oraz na miejscu, w dzie\u0144 spektaklu.<\/p>\n<p><strong>Cena:<\/strong><br \/><strong>40 z\u0142<\/strong> \u2013 normalny<br \/><strong>30 z\u0142<\/strong> \u2013 ulgowy (studenci, uczniowie, emeryci, Dawcy Krwi, Karta Sopocka, Gda\u0144ska Karta Mieszka\u0144ca, Metropolitarna Karta do Kultury)<br \/>online: <a href=\"https:\/\/stage24.pl\/wydarzenia\/teatr-boto-7960\">https:\/\/stage24.pl\/wydarzenia\/teatr-boto-7960<\/a><\/p>\n<p><strong>Serdecznie zach\u0119camy do zapoznania si\u0119 z pozosta\u0142ymi wydarzeniami Festiwalu Between.Pomi\u0119dzy!<\/strong><br \/><a href=\"https:\/\/www.facebook.com\/Between.Pomiedzy\">https:\/\/www.facebook.com\/Between.Pomiedzy<\/a><br \/><a href=\"https:\/\/between.org.pl\">https:\/\/between.org.pl<\/a><\/p>\n<p>&nbsp;<\/p>\n<p>***<br \/><em>*Ze wzgl\u0119du na specyfik\u0119 sceny osoby sp\u00f3\u017anione nie zostan\u0105 wpuszczone na spektakl.<\/em><br \/><em>**Liczba promocyjnych studenckich bilet\u00f3w jest ograniczona, wi\u0119c radzimy nie zwleka\u0107. \ud83d\ude09<\/em><\/p>\n<p>\u200b<\/p>\n<p>[\/et_pb_text][\/et_pb_column][\/et_pb_row][\/et_pb_section]<\/p>\n","protected":false},"excerpt":{"rendered":"<blockquote><p><strong>11 maja, 19:30<\/strong><\/p><\/blockquote>\n<p>\u201eDon Juan wraca z wojny\u201d w re\u017cyserii Micha\u0142a Derlatki to opowie\u015b\u0107 o bohaterze, kt\u00f3ry zamiast triumfu przywozi ze sob\u0105 ci\u0119\u017car do\u015bwiadcze\u0144. Dawny uwodziciel wci\u0105\u017c pos\u0142uguje si\u0119 znanymi gestami i s\u0142owami, lecz po raz pierwszy zaczyna w\u0105tpi\u0107 w ich sens. Mi\u0142o\u015b\u0107 staje si\u0119 tu form\u0105 ucieczki, a ironia mechanizmem obronnym. Don Juan staje przed pytaniem, kt\u00f3rego dot\u0105d unika\u0142: czy \u017cycie jest czym\u015b wi\u0119cej ni\u017c tylko gr\u0105 pozor\u00f3w, skoro rzeczywisto\u015b\u0107 jest tak ulotna?<\/p>\n<p>\u201eDon Juan wraca z wojny\u201d to inscenizowane s\u0142uchowisko wzbogacone o animacyjny performans na \u017cywo, \u0142\u0105cz\u0105ce r\u00f3\u017cne \u015brodki wyrazu w sp\u00f3jn\u0105 ca\u0142o\u015b\u0107.<\/p>\n<p>Na zako\u0144czenie wieczoru odb\u0119dzie si\u0119 rozmowa Ma\u0142gorzaty Wo\u017aniak z tw\u00f3rcami.<\/p>\n<p>Wydarzenie odbywa si\u0119 w ramach Festiwalu Literatury i Teatru Between.Pomi\u0119dzy.<\/p>\n","protected":false},"author":2,"featured_media":72126,"comment_status":"closed","ping_status":"closed","sticky":false,"template":"","format":"standard","meta":{"_et_pb_use_builder":"on","_et_pb_old_content":"","_et_gb_content_width":"","inline_featured_image":false,"footnotes":""},"categories":[1,8,9,3],"tags":[],"class_list":["post-72123","post","type-post","status-publish","format-standard","has-post-thumbnail","hentry","category-bez-kategorii","category-slider","category-spektakle","category-wydarzenia"],"yoast_head":"<!-- This site is optimized with the Yoast SEO plugin v27.5 - https:\/\/yoast.com\/product\/yoast-seo-wordpress\/ -->\n<title>Czytanie Sceny: ,,Don Juan wraca z wojny&quot; | Festiwal Literatury i Teatru Between.Pomi\u0119dzy 2026. &#8212; Teatr Boto<\/title>\n<meta name=\"robots\" content=\"index, follow, max-snippet:-1, max-image-preview:large, max-video-preview:-1\" \/>\n<link rel=\"canonical\" href=\"https:\/\/boto.art.pl\/index.php\/2026\/03\/11\/czytanie-sceny-don-juan-wraca-z-wojny-festiwal-literatury-i-teatru-between-pomiedzy-2026\/\" \/>\n<meta property=\"og:locale\" content=\"pl_PL\" \/>\n<meta property=\"og:type\" content=\"article\" \/>\n<meta property=\"og:title\" content=\"Czytanie Sceny: ,,Don Juan wraca z wojny&quot; | Festiwal Literatury i Teatru Between.Pomi\u0119dzy 2026. &#8212; Teatr Boto\" \/>\n<meta property=\"og:description\" content=\"11 maja, 19:30 \u201eDon Juan wraca z wojny\u201d w re\u017cyserii Micha\u0142a Derlatki to opowie\u015b\u0107 o bohaterze, kt\u00f3ry zamiast triumfu przywozi ze sob\u0105 ci\u0119\u017car do\u015bwiadcze\u0144. Dawny uwodziciel wci\u0105\u017c pos\u0142uguje si\u0119 znanymi gestami i s\u0142owami, lecz po raz pierwszy zaczyna w\u0105tpi\u0107 w ich sens. Mi\u0142o\u015b\u0107 staje si\u0119 tu form\u0105 ucieczki, a ironia mechanizmem obronnym. Don Juan staje przed pytaniem, kt\u00f3rego dot\u0105d unika\u0142: czy \u017cycie jest czym\u015b wi\u0119cej ni\u017c tylko gr\u0105 pozor\u00f3w, skoro rzeczywisto\u015b\u0107 jest tak ulotna?  \u201eDon Juan wraca z wojny\u201d to inscenizowane s\u0142uchowisko wzbogacone o animacyjny performans na \u017cywo, \u0142\u0105cz\u0105ce r\u00f3\u017cne \u015brodki wyrazu w sp\u00f3jn\u0105 ca\u0142o\u015b\u0107.  Na zako\u0144czenie wieczoru odb\u0119dzie si\u0119 rozmowa Ma\u0142gorzaty Wo\u017aniak z tw\u00f3rcami.  Wydarzenie odbywa si\u0119 w ramach Festiwalu Literatury i Teatru Between.Pomi\u0119dzy.\" \/>\n<meta property=\"og:url\" content=\"https:\/\/boto.art.pl\/index.php\/2026\/03\/11\/czytanie-sceny-don-juan-wraca-z-wojny-festiwal-literatury-i-teatru-between-pomiedzy-2026\/\" \/>\n<meta property=\"og:site_name\" content=\"Teatr Boto\" \/>\n<meta property=\"article:publisher\" content=\"https:\/\/www.facebook.com\/teatrboto\" \/>\n<meta property=\"article:published_time\" content=\"2026-03-11T19:46:08+00:00\" \/>\n<meta property=\"article:modified_time\" content=\"2026-04-23T19:22:18+00:00\" \/>\n<meta property=\"og:image\" content=\"https:\/\/boto.art.pl\/wp-content\/uploads\/2026\/04\/11.-Don-Juan-wraca-z-wojny-12.png\" \/>\n\t<meta property=\"og:image:width\" content=\"600\" \/>\n\t<meta property=\"og:image:height\" content=\"314\" \/>\n\t<meta property=\"og:image:type\" content=\"image\/png\" \/>\n<meta name=\"author\" content=\"Boto\" \/>\n<meta name=\"twitter:card\" content=\"summary_large_image\" \/>\n<meta name=\"twitter:label1\" content=\"Napisane przez\" \/>\n\t<meta name=\"twitter:data1\" content=\"Boto\" \/>\n\t<meta name=\"twitter:label2\" content=\"Szacowany czas czytania\" \/>\n\t<meta name=\"twitter:data2\" content=\"2 minuty\" \/>\n<script type=\"application\/ld+json\" class=\"yoast-schema-graph\">{\"@context\":\"https:\\\/\\\/schema.org\",\"@graph\":[{\"@type\":\"Article\",\"@id\":\"https:\\\/\\\/boto.art.pl\\\/index.php\\\/2026\\\/03\\\/11\\\/czytanie-sceny-don-juan-wraca-z-wojny-festiwal-literatury-i-teatru-between-pomiedzy-2026\\\/#article\",\"isPartOf\":{\"@id\":\"https:\\\/\\\/boto.art.pl\\\/index.php\\\/2026\\\/03\\\/11\\\/czytanie-sceny-don-juan-wraca-z-wojny-festiwal-literatury-i-teatru-between-pomiedzy-2026\\\/\"},\"author\":{\"name\":\"Boto\",\"@id\":\"https:\\\/\\\/boto.art.pl\\\/#\\\/schema\\\/person\\\/32351b82314d51e0d0b8554bf8f95b4d\"},\"headline\":\"Czytanie Sceny: ,,Don Juan wraca z wojny&#8221; | Festiwal Literatury i Teatru Between.Pomi\u0119dzy 2026.\",\"datePublished\":\"2026-03-11T19:46:08+00:00\",\"dateModified\":\"2026-04-23T19:22:18+00:00\",\"mainEntityOfPage\":{\"@id\":\"https:\\\/\\\/boto.art.pl\\\/index.php\\\/2026\\\/03\\\/11\\\/czytanie-sceny-don-juan-wraca-z-wojny-festiwal-literatury-i-teatru-between-pomiedzy-2026\\\/\"},\"wordCount\":609,\"publisher\":{\"@id\":\"https:\\\/\\\/boto.art.pl\\\/#organization\"},\"image\":{\"@id\":\"https:\\\/\\\/boto.art.pl\\\/index.php\\\/2026\\\/03\\\/11\\\/czytanie-sceny-don-juan-wraca-z-wojny-festiwal-literatury-i-teatru-between-pomiedzy-2026\\\/#primaryimage\"},\"thumbnailUrl\":\"https:\\\/\\\/boto.art.pl\\\/wp-content\\\/uploads\\\/2026\\\/04\\\/11.-Don-Juan-wraca-z-wojny-12.png\",\"articleSection\":{\"1\":\"slider\",\"2\":\"spektakle\",\"3\":\"wydarzenia\"},\"inLanguage\":\"pl-PL\"},{\"@type\":\"WebPage\",\"@id\":\"https:\\\/\\\/boto.art.pl\\\/index.php\\\/2026\\\/03\\\/11\\\/czytanie-sceny-don-juan-wraca-z-wojny-festiwal-literatury-i-teatru-between-pomiedzy-2026\\\/\",\"url\":\"https:\\\/\\\/boto.art.pl\\\/index.php\\\/2026\\\/03\\\/11\\\/czytanie-sceny-don-juan-wraca-z-wojny-festiwal-literatury-i-teatru-between-pomiedzy-2026\\\/\",\"name\":\"Czytanie Sceny: ,,Don Juan wraca z wojny\\\" | Festiwal Literatury i Teatru Between.Pomi\u0119dzy 2026. &#8212; Teatr Boto\",\"isPartOf\":{\"@id\":\"https:\\\/\\\/boto.art.pl\\\/#website\"},\"primaryImageOfPage\":{\"@id\":\"https:\\\/\\\/boto.art.pl\\\/index.php\\\/2026\\\/03\\\/11\\\/czytanie-sceny-don-juan-wraca-z-wojny-festiwal-literatury-i-teatru-between-pomiedzy-2026\\\/#primaryimage\"},\"image\":{\"@id\":\"https:\\\/\\\/boto.art.pl\\\/index.php\\\/2026\\\/03\\\/11\\\/czytanie-sceny-don-juan-wraca-z-wojny-festiwal-literatury-i-teatru-between-pomiedzy-2026\\\/#primaryimage\"},\"thumbnailUrl\":\"https:\\\/\\\/boto.art.pl\\\/wp-content\\\/uploads\\\/2026\\\/04\\\/11.-Don-Juan-wraca-z-wojny-12.png\",\"datePublished\":\"2026-03-11T19:46:08+00:00\",\"dateModified\":\"2026-04-23T19:22:18+00:00\",\"breadcrumb\":{\"@id\":\"https:\\\/\\\/boto.art.pl\\\/index.php\\\/2026\\\/03\\\/11\\\/czytanie-sceny-don-juan-wraca-z-wojny-festiwal-literatury-i-teatru-between-pomiedzy-2026\\\/#breadcrumb\"},\"inLanguage\":\"pl-PL\",\"potentialAction\":[{\"@type\":\"ReadAction\",\"target\":[\"https:\\\/\\\/boto.art.pl\\\/index.php\\\/2026\\\/03\\\/11\\\/czytanie-sceny-don-juan-wraca-z-wojny-festiwal-literatury-i-teatru-between-pomiedzy-2026\\\/\"]}]},{\"@type\":\"ImageObject\",\"inLanguage\":\"pl-PL\",\"@id\":\"https:\\\/\\\/boto.art.pl\\\/index.php\\\/2026\\\/03\\\/11\\\/czytanie-sceny-don-juan-wraca-z-wojny-festiwal-literatury-i-teatru-between-pomiedzy-2026\\\/#primaryimage\",\"url\":\"https:\\\/\\\/boto.art.pl\\\/wp-content\\\/uploads\\\/2026\\\/04\\\/11.-Don-Juan-wraca-z-wojny-12.png\",\"contentUrl\":\"https:\\\/\\\/boto.art.pl\\\/wp-content\\\/uploads\\\/2026\\\/04\\\/11.-Don-Juan-wraca-z-wojny-12.png\",\"width\":600,\"height\":314},{\"@type\":\"BreadcrumbList\",\"@id\":\"https:\\\/\\\/boto.art.pl\\\/index.php\\\/2026\\\/03\\\/11\\\/czytanie-sceny-don-juan-wraca-z-wojny-festiwal-literatury-i-teatru-between-pomiedzy-2026\\\/#breadcrumb\",\"itemListElement\":[{\"@type\":\"ListItem\",\"position\":1,\"name\":\"Strona g\u0142\u00f3wna\",\"item\":\"https:\\\/\\\/boto.art.pl\\\/\"},{\"@type\":\"ListItem\",\"position\":2,\"name\":\"Czytanie Sceny: ,,Don Juan wraca z wojny&#8221; | Festiwal Literatury i Teatru Between.Pomi\u0119dzy 2026.\"}]},{\"@type\":\"WebSite\",\"@id\":\"https:\\\/\\\/boto.art.pl\\\/#website\",\"url\":\"https:\\\/\\\/boto.art.pl\\\/\",\"name\":\"Teatr Boto\",\"description\":\"\",\"publisher\":{\"@id\":\"https:\\\/\\\/boto.art.pl\\\/#organization\"},\"potentialAction\":[{\"@type\":\"SearchAction\",\"target\":{\"@type\":\"EntryPoint\",\"urlTemplate\":\"https:\\\/\\\/boto.art.pl\\\/?s={search_term_string}\"},\"query-input\":{\"@type\":\"PropertyValueSpecification\",\"valueRequired\":true,\"valueName\":\"search_term_string\"}}],\"inLanguage\":\"pl-PL\"},{\"@type\":\"Organization\",\"@id\":\"https:\\\/\\\/boto.art.pl\\\/#organization\",\"name\":\"Teatr Boto\",\"url\":\"https:\\\/\\\/boto.art.pl\\\/\",\"logo\":{\"@type\":\"ImageObject\",\"inLanguage\":\"pl-PL\",\"@id\":\"https:\\\/\\\/boto.art.pl\\\/#\\\/schema\\\/logo\\\/image\\\/\",\"url\":\"https:\\\/\\\/boto.art.pl\\\/wp-content\\\/uploads\\\/2018\\\/03\\\/logotyp.svg\",\"contentUrl\":\"https:\\\/\\\/boto.art.pl\\\/wp-content\\\/uploads\\\/2018\\\/03\\\/logotyp.svg\",\"width\":1,\"height\":1,\"caption\":\"Teatr Boto\"},\"image\":{\"@id\":\"https:\\\/\\\/boto.art.pl\\\/#\\\/schema\\\/logo\\\/image\\\/\"},\"sameAs\":[\"https:\\\/\\\/www.facebook.com\\\/teatrboto\",\"https:\\\/\\\/www.instagram.com\\\/teatr_boto\\\/\"]},{\"@type\":\"Person\",\"@id\":\"https:\\\/\\\/boto.art.pl\\\/#\\\/schema\\\/person\\\/32351b82314d51e0d0b8554bf8f95b4d\",\"name\":\"Boto\",\"image\":{\"@type\":\"ImageObject\",\"inLanguage\":\"pl-PL\",\"@id\":\"https:\\\/\\\/secure.gravatar.com\\\/avatar\\\/288f0389e19ee4a77a3bc15d367dc6c3aa38ec351ab562f6ebe60fbcdacabbef?s=96&d=mm&r=g\",\"url\":\"https:\\\/\\\/secure.gravatar.com\\\/avatar\\\/288f0389e19ee4a77a3bc15d367dc6c3aa38ec351ab562f6ebe60fbcdacabbef?s=96&d=mm&r=g\",\"contentUrl\":\"https:\\\/\\\/secure.gravatar.com\\\/avatar\\\/288f0389e19ee4a77a3bc15d367dc6c3aa38ec351ab562f6ebe60fbcdacabbef?s=96&d=mm&r=g\",\"caption\":\"Boto\"},\"url\":\"https:\\\/\\\/boto.art.pl\\\/index.php\\\/author\\\/boto\\\/\"}]}<\/script>\n<!-- \/ Yoast SEO plugin. -->","yoast_head_json":{"title":"Czytanie Sceny: ,,Don Juan wraca z wojny\" | Festiwal Literatury i Teatru Between.Pomi\u0119dzy 2026. &#8212; Teatr Boto","robots":{"index":"index","follow":"follow","max-snippet":"max-snippet:-1","max-image-preview":"max-image-preview:large","max-video-preview":"max-video-preview:-1"},"canonical":"https:\/\/boto.art.pl\/index.php\/2026\/03\/11\/czytanie-sceny-don-juan-wraca-z-wojny-festiwal-literatury-i-teatru-between-pomiedzy-2026\/","og_locale":"pl_PL","og_type":"article","og_title":"Czytanie Sceny: ,,Don Juan wraca z wojny\" | Festiwal Literatury i Teatru Between.Pomi\u0119dzy 2026. &#8212; Teatr Boto","og_description":"11 maja, 19:30 \u201eDon Juan wraca z wojny\u201d w re\u017cyserii Micha\u0142a Derlatki to opowie\u015b\u0107 o bohaterze, kt\u00f3ry zamiast triumfu przywozi ze sob\u0105 ci\u0119\u017car do\u015bwiadcze\u0144. Dawny uwodziciel wci\u0105\u017c pos\u0142uguje si\u0119 znanymi gestami i s\u0142owami, lecz po raz pierwszy zaczyna w\u0105tpi\u0107 w ich sens. Mi\u0142o\u015b\u0107 staje si\u0119 tu form\u0105 ucieczki, a ironia mechanizmem obronnym. Don Juan staje przed pytaniem, kt\u00f3rego dot\u0105d unika\u0142: czy \u017cycie jest czym\u015b wi\u0119cej ni\u017c tylko gr\u0105 pozor\u00f3w, skoro rzeczywisto\u015b\u0107 jest tak ulotna?  \u201eDon Juan wraca z wojny\u201d to inscenizowane s\u0142uchowisko wzbogacone o animacyjny performans na \u017cywo, \u0142\u0105cz\u0105ce r\u00f3\u017cne \u015brodki wyrazu w sp\u00f3jn\u0105 ca\u0142o\u015b\u0107.  Na zako\u0144czenie wieczoru odb\u0119dzie si\u0119 rozmowa Ma\u0142gorzaty Wo\u017aniak z tw\u00f3rcami.  Wydarzenie odbywa si\u0119 w ramach Festiwalu Literatury i Teatru Between.Pomi\u0119dzy.","og_url":"https:\/\/boto.art.pl\/index.php\/2026\/03\/11\/czytanie-sceny-don-juan-wraca-z-wojny-festiwal-literatury-i-teatru-between-pomiedzy-2026\/","og_site_name":"Teatr Boto","article_publisher":"https:\/\/www.facebook.com\/teatrboto","article_published_time":"2026-03-11T19:46:08+00:00","article_modified_time":"2026-04-23T19:22:18+00:00","og_image":[{"width":600,"height":314,"url":"https:\/\/boto.art.pl\/wp-content\/uploads\/2026\/04\/11.-Don-Juan-wraca-z-wojny-12.png","type":"image\/png"}],"author":"Boto","twitter_card":"summary_large_image","twitter_misc":{"Napisane przez":"Boto","Szacowany czas czytania":"2 minuty"},"schema":{"@context":"https:\/\/schema.org","@graph":[{"@type":"Article","@id":"https:\/\/boto.art.pl\/index.php\/2026\/03\/11\/czytanie-sceny-don-juan-wraca-z-wojny-festiwal-literatury-i-teatru-between-pomiedzy-2026\/#article","isPartOf":{"@id":"https:\/\/boto.art.pl\/index.php\/2026\/03\/11\/czytanie-sceny-don-juan-wraca-z-wojny-festiwal-literatury-i-teatru-between-pomiedzy-2026\/"},"author":{"name":"Boto","@id":"https:\/\/boto.art.pl\/#\/schema\/person\/32351b82314d51e0d0b8554bf8f95b4d"},"headline":"Czytanie Sceny: ,,Don Juan wraca z wojny&#8221; | Festiwal Literatury i Teatru Between.Pomi\u0119dzy 2026.","datePublished":"2026-03-11T19:46:08+00:00","dateModified":"2026-04-23T19:22:18+00:00","mainEntityOfPage":{"@id":"https:\/\/boto.art.pl\/index.php\/2026\/03\/11\/czytanie-sceny-don-juan-wraca-z-wojny-festiwal-literatury-i-teatru-between-pomiedzy-2026\/"},"wordCount":609,"publisher":{"@id":"https:\/\/boto.art.pl\/#organization"},"image":{"@id":"https:\/\/boto.art.pl\/index.php\/2026\/03\/11\/czytanie-sceny-don-juan-wraca-z-wojny-festiwal-literatury-i-teatru-between-pomiedzy-2026\/#primaryimage"},"thumbnailUrl":"https:\/\/boto.art.pl\/wp-content\/uploads\/2026\/04\/11.-Don-Juan-wraca-z-wojny-12.png","articleSection":{"1":"slider","2":"spektakle","3":"wydarzenia"},"inLanguage":"pl-PL"},{"@type":"WebPage","@id":"https:\/\/boto.art.pl\/index.php\/2026\/03\/11\/czytanie-sceny-don-juan-wraca-z-wojny-festiwal-literatury-i-teatru-between-pomiedzy-2026\/","url":"https:\/\/boto.art.pl\/index.php\/2026\/03\/11\/czytanie-sceny-don-juan-wraca-z-wojny-festiwal-literatury-i-teatru-between-pomiedzy-2026\/","name":"Czytanie Sceny: ,,Don Juan wraca z wojny\" | Festiwal Literatury i Teatru Between.Pomi\u0119dzy 2026. &#8212; Teatr Boto","isPartOf":{"@id":"https:\/\/boto.art.pl\/#website"},"primaryImageOfPage":{"@id":"https:\/\/boto.art.pl\/index.php\/2026\/03\/11\/czytanie-sceny-don-juan-wraca-z-wojny-festiwal-literatury-i-teatru-between-pomiedzy-2026\/#primaryimage"},"image":{"@id":"https:\/\/boto.art.pl\/index.php\/2026\/03\/11\/czytanie-sceny-don-juan-wraca-z-wojny-festiwal-literatury-i-teatru-between-pomiedzy-2026\/#primaryimage"},"thumbnailUrl":"https:\/\/boto.art.pl\/wp-content\/uploads\/2026\/04\/11.-Don-Juan-wraca-z-wojny-12.png","datePublished":"2026-03-11T19:46:08+00:00","dateModified":"2026-04-23T19:22:18+00:00","breadcrumb":{"@id":"https:\/\/boto.art.pl\/index.php\/2026\/03\/11\/czytanie-sceny-don-juan-wraca-z-wojny-festiwal-literatury-i-teatru-between-pomiedzy-2026\/#breadcrumb"},"inLanguage":"pl-PL","potentialAction":[{"@type":"ReadAction","target":["https:\/\/boto.art.pl\/index.php\/2026\/03\/11\/czytanie-sceny-don-juan-wraca-z-wojny-festiwal-literatury-i-teatru-between-pomiedzy-2026\/"]}]},{"@type":"ImageObject","inLanguage":"pl-PL","@id":"https:\/\/boto.art.pl\/index.php\/2026\/03\/11\/czytanie-sceny-don-juan-wraca-z-wojny-festiwal-literatury-i-teatru-between-pomiedzy-2026\/#primaryimage","url":"https:\/\/boto.art.pl\/wp-content\/uploads\/2026\/04\/11.-Don-Juan-wraca-z-wojny-12.png","contentUrl":"https:\/\/boto.art.pl\/wp-content\/uploads\/2026\/04\/11.-Don-Juan-wraca-z-wojny-12.png","width":600,"height":314},{"@type":"BreadcrumbList","@id":"https:\/\/boto.art.pl\/index.php\/2026\/03\/11\/czytanie-sceny-don-juan-wraca-z-wojny-festiwal-literatury-i-teatru-between-pomiedzy-2026\/#breadcrumb","itemListElement":[{"@type":"ListItem","position":1,"name":"Strona g\u0142\u00f3wna","item":"https:\/\/boto.art.pl\/"},{"@type":"ListItem","position":2,"name":"Czytanie Sceny: ,,Don Juan wraca z wojny&#8221; | Festiwal Literatury i Teatru Between.Pomi\u0119dzy 2026."}]},{"@type":"WebSite","@id":"https:\/\/boto.art.pl\/#website","url":"https:\/\/boto.art.pl\/","name":"Teatr Boto","description":"","publisher":{"@id":"https:\/\/boto.art.pl\/#organization"},"potentialAction":[{"@type":"SearchAction","target":{"@type":"EntryPoint","urlTemplate":"https:\/\/boto.art.pl\/?s={search_term_string}"},"query-input":{"@type":"PropertyValueSpecification","valueRequired":true,"valueName":"search_term_string"}}],"inLanguage":"pl-PL"},{"@type":"Organization","@id":"https:\/\/boto.art.pl\/#organization","name":"Teatr Boto","url":"https:\/\/boto.art.pl\/","logo":{"@type":"ImageObject","inLanguage":"pl-PL","@id":"https:\/\/boto.art.pl\/#\/schema\/logo\/image\/","url":"https:\/\/boto.art.pl\/wp-content\/uploads\/2018\/03\/logotyp.svg","contentUrl":"https:\/\/boto.art.pl\/wp-content\/uploads\/2018\/03\/logotyp.svg","width":1,"height":1,"caption":"Teatr Boto"},"image":{"@id":"https:\/\/boto.art.pl\/#\/schema\/logo\/image\/"},"sameAs":["https:\/\/www.facebook.com\/teatrboto","https:\/\/www.instagram.com\/teatr_boto\/"]},{"@type":"Person","@id":"https:\/\/boto.art.pl\/#\/schema\/person\/32351b82314d51e0d0b8554bf8f95b4d","name":"Boto","image":{"@type":"ImageObject","inLanguage":"pl-PL","@id":"https:\/\/secure.gravatar.com\/avatar\/288f0389e19ee4a77a3bc15d367dc6c3aa38ec351ab562f6ebe60fbcdacabbef?s=96&d=mm&r=g","url":"https:\/\/secure.gravatar.com\/avatar\/288f0389e19ee4a77a3bc15d367dc6c3aa38ec351ab562f6ebe60fbcdacabbef?s=96&d=mm&r=g","contentUrl":"https:\/\/secure.gravatar.com\/avatar\/288f0389e19ee4a77a3bc15d367dc6c3aa38ec351ab562f6ebe60fbcdacabbef?s=96&d=mm&r=g","caption":"Boto"},"url":"https:\/\/boto.art.pl\/index.php\/author\/boto\/"}]}},"_links":{"self":[{"href":"https:\/\/boto.art.pl\/index.php\/wp-json\/wp\/v2\/posts\/72123","targetHints":{"allow":["GET"]}}],"collection":[{"href":"https:\/\/boto.art.pl\/index.php\/wp-json\/wp\/v2\/posts"}],"about":[{"href":"https:\/\/boto.art.pl\/index.php\/wp-json\/wp\/v2\/types\/post"}],"author":[{"embeddable":true,"href":"https:\/\/boto.art.pl\/index.php\/wp-json\/wp\/v2\/users\/2"}],"replies":[{"embeddable":true,"href":"https:\/\/boto.art.pl\/index.php\/wp-json\/wp\/v2\/comments?post=72123"}],"version-history":[{"count":3,"href":"https:\/\/boto.art.pl\/index.php\/wp-json\/wp\/v2\/posts\/72123\/revisions"}],"predecessor-version":[{"id":72128,"href":"https:\/\/boto.art.pl\/index.php\/wp-json\/wp\/v2\/posts\/72123\/revisions\/72128"}],"wp:featuredmedia":[{"embeddable":true,"href":"https:\/\/boto.art.pl\/index.php\/wp-json\/wp\/v2\/media\/72126"}],"wp:attachment":[{"href":"https:\/\/boto.art.pl\/index.php\/wp-json\/wp\/v2\/media?parent=72123"}],"wp:term":[{"taxonomy":"category","embeddable":true,"href":"https:\/\/boto.art.pl\/index.php\/wp-json\/wp\/v2\/categories?post=72123"},{"taxonomy":"post_tag","embeddable":true,"href":"https:\/\/boto.art.pl\/index.php\/wp-json\/wp\/v2\/tags?post=72123"}],"curies":[{"name":"wp","href":"https:\/\/api.w.org\/{rel}","templated":true}]}}