{"id":72291,"date":"2026-03-12T16:21:54","date_gmt":"2026-03-12T15:21:54","guid":{"rendered":"https:\/\/boto.art.pl\/?p=72291"},"modified":"2026-04-28T16:48:48","modified_gmt":"2026-04-28T14:48:48","slug":"czytanie-sceny-antena-festiwal-between-pomiedzy-2026","status":"publish","type":"post","link":"https:\/\/boto.art.pl\/index.php\/2026\/03\/12\/czytanie-sceny-antena-festiwal-between-pomiedzy-2026\/","title":{"rendered":"Czytanie Sceny: ,,Antena&#8221; | Festiwal Between.Pomi\u0119dzy 2026"},"content":{"rendered":"<p>[et_pb_section fb_built=&#8221;1&#8243; admin_label=&#8221;Du\u017ce zdj\u0119cie&#8221; _builder_version=&#8221;4.27.5&#8243; background_image=&#8221;https:\/\/boto.art.pl\/wp-content\/uploads\/2026\/04\/Czytanie-sceny-antena.jpg&#8221; parallax=&#8221;on&#8221; custom_margin=&#8221;|||&#8221; custom_padding=&#8221;0px|0px|134px|0px&#8221; hover_enabled=&#8221;0&#8243; global_colors_info=&#8221;{}&#8221; theme_builder_area=&#8221;post_content&#8221; title_text=&#8221;Czytanie sceny antena!&#8221; sticky_enabled=&#8221;0&#8243;][et_pb_row _builder_version=&#8221;4.27.0&#8243; custom_padding=&#8221;21px|0px|4px|50px&#8221; global_colors_info=&#8221;{}&#8221; theme_builder_area=&#8221;post_content&#8221;][et_pb_column type=&#8221;4_4&#8243; _builder_version=&#8221;4.16&#8243; custom_padding=&#8221;|||&#8221; global_colors_info=&#8221;{}&#8221; custom_padding__hover=&#8221;|||&#8221; theme_builder_area=&#8221;post_content&#8221;][et_pb_text admin_label=&#8221;Tytu\u0142&#8221; _builder_version=&#8221;4.27.5&#8243; text_font=&#8221;|700||on|||||&#8221; text_font_size=&#8221;34px&#8221; background_layout=&#8221;dark&#8221; custom_padding=&#8221;200px|||&#8221; hover_enabled=&#8221;0&#8243; text_text_shadow_style=&#8221;preset4&#8243; text_text_shadow_horizontal_length=&#8221;0.07em&#8221; text_text_shadow_color=&#8221;rgba(0,0,0,0.83)&#8221; global_colors_info=&#8221;{}&#8221; theme_builder_area=&#8221;post_content&#8221; sticky_enabled=&#8221;0&#8243;]<\/p>\n<p>Czytanie Sceny: ,,Antena&#8221; | Festiwal Between.Pomi\u0119dzy 2026<\/p>\n<p>[\/et_pb_text][et_pb_text admin_label=&#8221;Data&#8221; _builder_version=&#8221;4.27.5&#8243; text_font=&#8221;|||on|||||&#8221; text_font_size=&#8221;30px&#8221; background_layout=&#8221;dark&#8221; hover_enabled=&#8221;0&#8243; text_text_shadow_style=&#8221;preset4&#8243; text_text_shadow_horizontal_length=&#8221;0.07em&#8221; text_text_shadow_color=&#8221;rgba(0,0,0,0.85)&#8221; global_colors_info=&#8221;{}&#8221; theme_builder_area=&#8221;post_content&#8221; sticky_enabled=&#8221;0&#8243;]<\/p>\n<p>12 maja, 20.00<\/p>\n<p>[\/et_pb_text][\/et_pb_column][\/et_pb_row][\/et_pb_section][et_pb_section fb_built=&#8221;1&#8243; _builder_version=&#8221;4.16&#8243; custom_margin=&#8221;0px|||&#8221; custom_padding=&#8221;0px|0px|0px|0px&#8221; global_colors_info=&#8221;{}&#8221; theme_builder_area=&#8221;post_content&#8221;][et_pb_row column_structure=&#8221;2_3,1_3&#8243; _builder_version=&#8221;4.16&#8243; background_size=&#8221;initial&#8221; background_position=&#8221;top_left&#8221; background_repeat=&#8221;repeat&#8221; custom_padding=&#8221;80px|0px|27px|47px&#8221; global_colors_info=&#8221;{}&#8221; theme_builder_area=&#8221;post_content&#8221;][et_pb_column type=&#8221;2_3&#8243; _builder_version=&#8221;4.16&#8243; custom_padding=&#8221;|||&#8221; global_colors_info=&#8221;{}&#8221; custom_padding__hover=&#8221;|||&#8221; theme_builder_area=&#8221;post_content&#8221;][et_pb_text admin_label=&#8221;Tekst w\u0142a\u015bciwy&#8221; _builder_version=&#8221;4.27.5&#8243; hover_enabled=&#8221;0&#8243; global_colors_info=&#8221;{}&#8221; theme_builder_area=&#8221;post_content&#8221; sticky_enabled=&#8221;0&#8243;]<\/p>\n<p>[ENG below\ud83d\udc47]<\/p>\n<p><strong>\u201eAntena\u201d<\/strong> to spektakl inspirowany poezj\u0105 Serhija \u017badana, jednego z najwa\u017cniejszych wsp\u00f3\u0142czesnych tw\u00f3rc\u00f3w ukrai\u0144skich. W teatralnej adaptacji i re\u017cyserii Macieja Gorczy\u0144skiego poetycki j\u0119zyk autora zostaje przeniesiony na scen\u0119.<\/p>\n<p><strong>Serhij \u017badan<\/strong> to poeta, pisarz i aktywista, laureat licznych presti\u017cowych nagr\u00f3d literackich, m.in. Literackiej Nagrody Europy \u015arodkowej Angelus oraz Pokojowej Nagrody Ksi\u0119garzy Niemieckich. Od pocz\u0105tku rosyjskiej agresji na Ukrain\u0119 \u017badan aktywnie wspiera Si\u0142y Zbrojne Ukrainy. Jego dzia\u0142alno\u015b\u0107 artystyczna i spo\u0142eczna splata si\u0119 wi\u0119c z do\u015bwiadczeniem wojny, nadaj\u0105c jego tw\u00f3rczo\u015bci szczeg\u00f3ln\u0105 aktualno\u015b\u0107 i si\u0142\u0119 wyrazu. Jego teksty t\u0142umaczone s\u0105 na wiele j\u0119zyk\u00f3w. W Polsce ukaza\u0142y si\u0119 zar\u00f3wno tomiki wierszy, jak i powie\u015bci jego autorstwa.<\/p>\n<p>Spektakl \u201eAntena\u201d stanowi pr\u00f3b\u0119 uchwycenia napi\u0119\u0107 wsp\u00f3\u0142czesno\u015bci, emocji oraz rzeczywisto\u015bci zapisanej w poetyckim j\u0119zyku. Opowiada o \u015bwiecie naznaczonym konfliktem, ale tak\u017ce o wra\u017cliwo\u015bci, pami\u0119ci i potrzebie wolno\u015bci.<\/p>\n<p><strong>Po spektaklu odb\u0119dzie si\u0119 rozmowa Ma\u0142gorzaty Wo\u017aniak z re\u017cyserem.<\/strong><\/p>\n<p>Autor tekstu: <strong>Serhij \u017badan<\/strong><br \/>T\u0142umaczenie: <strong>Bohdan Zadura<\/strong><br \/>Re\u017cyseria i adaptacja: <strong>Maciej Gorczy\u0144ski<\/strong><br \/>Scenografia, wideo, re\u017cyseria \u015bwiat\u0142a: <strong>Iwona Bandzarewicz<\/strong><br \/>Choreografia: <strong>Natalia Dinges, Piotr Stanek<\/strong><br \/>Obsada: <strong>Natalia Dinges, Agnieszka Koci\u0144ska, Piotr Stanek<\/strong><\/p>\n<p>&nbsp;<\/p>\n<p><strong>\ud83c\udf9f\ufe0fBilety mo\u017cna kupi\u0107 na stronie oraz na miejscu, w dzie\u0144 spektaklu.<\/strong><\/p>\n<p>&nbsp;<\/p>\n<p>Zapraszamy r\u00f3wnie\u017c do zapoznania si\u0119 z pozosta\u0142ymi wydarzeniami Festiwalu Between.Pomi\u0119dzy!<br \/><a href=\"https:\/\/www.facebook.com\/Between.Pomiedzy\">https:\/\/www.facebook.com\/Between.Pomiedzy<\/a><br \/><a href=\"https:\/\/between.org.pl\">https:\/\/between.org.pl<\/a><\/p>\n<p>***<br \/><em><strong>*Ze wzgl\u0119du na specyfik\u0119 sceny osoby sp\u00f3\u017anione nie zostan\u0105 wpuszczone na spektakl.<\/strong><\/em><\/p>\n<p>[ENG\ud83d\udc49] 'Antena&#8217; is a performance inspired by Serhij \u017badan\u2019s poetry, he is one of the most important contemporary Ukrainian authors. In theatrical adaptation and direction by Maciej Gorczy\u0144ski the author&#8217;s poetical language is being transferred to the stage.<\/p>\n<p><strong>Serhij \u017badan<\/strong> is a poet, a writer and an activist, a laureate of numerous prestigious literary awards including Angelus Central European Literature Award and Friedenspreis des Deutschen Buchhandels [German Booksellers Association Peace Prize]. Since the beginning of Russian aggression in Ukraine \u017badan has been actively supporting the Armed Forces of Ukraine. His artistic and social activity intertwines with the experience of war, giving his work special topicality and expressive power. His texts are being translated into many languages. In Poland both his poetry books as well as his novels were published.<\/p>\n<p>&#8217;Antena&#8217; the performance represents an attempt of capturing the hecticness of contemporary times, emotions, and the reality written down in poetic language. It tells about the world marked by conflict, as well as about sensitivity, memory and the need of freedom.<\/p>\n<p>After the performance there will be Ma\u0142gorzata Wo\u017aniak\u2019s talk with the director.<\/p>\n<p>Author of the text: <strong>Serhij \u017badan<\/strong><br \/>Translation: <strong>Bohdan Zadura<\/strong><br \/>Direction and adaptation: <strong>Maciej Gorczy\u0144ski<\/strong><br \/>Scenography, video, light direction: <strong>Iwona Bandzarewicz<\/strong><br \/>Choreography: <strong>Natalia Dinges, Piotr Stanek<\/strong><br \/>Cast: <strong>Natalia Dinges, Agnieszka Koci\u0144ska, Piotr Stanek<\/strong><\/p>\n<p><strong>We also invite you to familiarize yourself with other festival events.<\/strong><\/p>\n<p>\ud83c\udf9f\ufe0fTickets can be purchased online and on site on the day of the performance.<\/p>\n<p><strong>!Please note that the event is in Polish!<\/strong><\/p>\n<p>\ud83d\udc99We kindly invite you to learn more about other events held during the Between.Pomi\u0119dzy Festival!<\/p>\n<p>[\/et_pb_text][\/et_pb_column][et_pb_column type=&#8221;1_3&#8243; _builder_version=&#8221;4.16&#8243; custom_padding=&#8221;|||&#8221; global_colors_info=&#8221;{}&#8221; custom_padding__hover=&#8221;|||&#8221; theme_builder_area=&#8221;post_content&#8221;][et_pb_divider color=&#8221;#e0e0e0&#8243; _builder_version=&#8221;4.16&#8243; global_colors_info=&#8221;{}&#8221; theme_builder_area=&#8221;post_content&#8221;][\/et_pb_divider][et_pb_testimonial author=&#8221;Bilety online &#8211; przejd\u017a&#8221; url=&#8221;https:\/\/stage24.pl\/wydarzenia\/teatr-boto-8032&#8243; url_new_window=&#8221;on&#8221; quote_icon=&#8221;off&#8221; admin_label=&#8221;Bilety &#8211; informacja&#8221; _builder_version=&#8221;4.27.5&#8243; hover_enabled=&#8221;0&#8243; global_colors_info=&#8221;{}&#8221; theme_builder_area=&#8221;post_content&#8221; sticky_enabled=&#8221;0&#8243;]<\/p>\n<p><strong>Cena:<\/strong><br \/><strong>40 z\u0142<\/strong> \u2013 normalny<br \/><strong>30 z\u0142<\/strong> \u2013 ulgowy (studenci, uczniowie, emeryci, Dawcy Krwi, Karta Sopocka, Gda\u0144ska Karta Mieszka\u0144ca, Metropolitarna Karta do Kultury)<\/p>\n<p>[\/et_pb_testimonial][et_pb_divider color=&#8221;#e0e0e0&#8243; _builder_version=&#8221;4.16&#8243; global_colors_info=&#8221;{}&#8221; theme_builder_area=&#8221;post_content&#8221;][\/et_pb_divider][\/et_pb_column][\/et_pb_row][\/et_pb_section]<\/p>\n","protected":false},"excerpt":{"rendered":"<blockquote><p><strong>12 maja, 20.00<\/strong><\/p><\/blockquote>\n<p>\u201eAntena\u201d to spektakl inspirowany poezj\u0105 Serhija \u017badana, jednego z najwa\u017cniejszych wsp\u00f3\u0142czesnych tw\u00f3rc\u00f3w ukrai\u0144skich. W teatralnej adaptacji w re\u017cyserii Macieja Gorczy\u0144skiego poetycki j\u0119zyk autora zostaje przeniesiony na scen\u0119 pr\u00f3buj\u0105c uchwyci\u0107 emocje i napi\u0119cia wsp\u00f3\u0142czesno\u015bci. Opowiada o \u015bwiecie naznaczonym konfliktem, ale tak\u017ce o wra\u017cliwo\u015bci, pami\u0119ci i potrzebie wolno\u015bci.<\/p>\n<p>Po spektaklu odb\u0119dzie si\u0119 rozmowa Ma\u0142gorzaty Wo\u017aniak z re\u017cyserem.<\/p>\n<p>Wydarzenie w ramach Festiwalu Literatury i Teatru Between.Pomi\u0119dzy 2026.<\/p>\n","protected":false},"author":2,"featured_media":72294,"comment_status":"closed","ping_status":"closed","sticky":false,"template":"","format":"standard","meta":{"_et_pb_use_builder":"on","_et_pb_old_content":"","_et_gb_content_width":"","inline_featured_image":false,"footnotes":""},"categories":[1,8,9,3],"tags":[],"class_list":["post-72291","post","type-post","status-publish","format-standard","has-post-thumbnail","hentry","category-bez-kategorii","category-slider","category-spektakle","category-wydarzenia"],"yoast_head":"<!-- This site is optimized with the Yoast SEO plugin v27.5 - https:\/\/yoast.com\/product\/yoast-seo-wordpress\/ -->\n<title>Czytanie Sceny: ,,Antena&quot; | Festiwal Between.Pomi\u0119dzy 2026 &#8212; Teatr Boto<\/title>\n<meta name=\"robots\" content=\"index, follow, max-snippet:-1, max-image-preview:large, max-video-preview:-1\" \/>\n<link rel=\"canonical\" href=\"https:\/\/boto.art.pl\/index.php\/2026\/03\/12\/czytanie-sceny-antena-festiwal-between-pomiedzy-2026\/\" \/>\n<meta property=\"og:locale\" content=\"pl_PL\" \/>\n<meta property=\"og:type\" content=\"article\" \/>\n<meta property=\"og:title\" content=\"Czytanie Sceny: ,,Antena&quot; | Festiwal Between.Pomi\u0119dzy 2026 &#8212; Teatr Boto\" \/>\n<meta property=\"og:description\" content=\"12 maja, 20.00 \u201eAntena\u201d to spektakl inspirowany poezj\u0105 Serhija \u017badana, jednego z najwa\u017cniejszych wsp\u00f3\u0142czesnych tw\u00f3rc\u00f3w ukrai\u0144skich. W teatralnej adaptacji w re\u017cyserii Macieja Gorczy\u0144skiego poetycki j\u0119zyk autora zostaje przeniesiony na scen\u0119 pr\u00f3buj\u0105c uchwyci\u0107 emocje i napi\u0119cia wsp\u00f3\u0142czesno\u015bci. Opowiada o \u015bwiecie naznaczonym konfliktem, ale tak\u017ce o wra\u017cliwo\u015bci, pami\u0119ci i potrzebie wolno\u015bci.  Po spektaklu odb\u0119dzie si\u0119 rozmowa Ma\u0142gorzaty Wo\u017aniak z re\u017cyserem.  Wydarzenie w ramach Festiwalu Literatury i Teatru Between.Pomi\u0119dzy 2026.\" \/>\n<meta property=\"og:url\" content=\"https:\/\/boto.art.pl\/index.php\/2026\/03\/12\/czytanie-sceny-antena-festiwal-between-pomiedzy-2026\/\" \/>\n<meta property=\"og:site_name\" content=\"Teatr Boto\" \/>\n<meta property=\"article:publisher\" content=\"https:\/\/www.facebook.com\/teatrboto\" \/>\n<meta property=\"article:published_time\" content=\"2026-03-12T15:21:54+00:00\" \/>\n<meta property=\"article:modified_time\" content=\"2026-04-28T14:48:48+00:00\" \/>\n<meta property=\"og:image\" content=\"https:\/\/boto.art.pl\/wp-content\/uploads\/2026\/04\/Czytanie-sceny-antena.jpg\" \/>\n\t<meta property=\"og:image:width\" content=\"2499\" \/>\n\t<meta property=\"og:image:height\" content=\"1298\" \/>\n\t<meta property=\"og:image:type\" content=\"image\/jpeg\" \/>\n<meta name=\"author\" content=\"Boto\" \/>\n<meta name=\"twitter:card\" content=\"summary_large_image\" \/>\n<meta name=\"twitter:label1\" content=\"Napisane przez\" \/>\n\t<meta name=\"twitter:data1\" content=\"Boto\" \/>\n\t<meta name=\"twitter:label2\" content=\"Szacowany czas czytania\" \/>\n\t<meta name=\"twitter:data2\" content=\"4 minuty\" \/>\n<script type=\"application\/ld+json\" class=\"yoast-schema-graph\">{\"@context\":\"https:\\\/\\\/schema.org\",\"@graph\":[{\"@type\":\"Article\",\"@id\":\"https:\\\/\\\/boto.art.pl\\\/index.php\\\/2026\\\/03\\\/12\\\/czytanie-sceny-antena-festiwal-between-pomiedzy-2026\\\/#article\",\"isPartOf\":{\"@id\":\"https:\\\/\\\/boto.art.pl\\\/index.php\\\/2026\\\/03\\\/12\\\/czytanie-sceny-antena-festiwal-between-pomiedzy-2026\\\/\"},\"author\":{\"name\":\"Boto\",\"@id\":\"https:\\\/\\\/boto.art.pl\\\/#\\\/schema\\\/person\\\/32351b82314d51e0d0b8554bf8f95b4d\"},\"headline\":\"Czytanie Sceny: ,,Antena&#8221; | Festiwal Between.Pomi\u0119dzy 2026\",\"datePublished\":\"2026-03-12T15:21:54+00:00\",\"dateModified\":\"2026-04-28T14:48:48+00:00\",\"mainEntityOfPage\":{\"@id\":\"https:\\\/\\\/boto.art.pl\\\/index.php\\\/2026\\\/03\\\/12\\\/czytanie-sceny-antena-festiwal-between-pomiedzy-2026\\\/\"},\"wordCount\":987,\"publisher\":{\"@id\":\"https:\\\/\\\/boto.art.pl\\\/#organization\"},\"image\":{\"@id\":\"https:\\\/\\\/boto.art.pl\\\/index.php\\\/2026\\\/03\\\/12\\\/czytanie-sceny-antena-festiwal-between-pomiedzy-2026\\\/#primaryimage\"},\"thumbnailUrl\":\"https:\\\/\\\/boto.art.pl\\\/wp-content\\\/uploads\\\/2026\\\/04\\\/Czytanie-sceny-antena.jpg\",\"articleSection\":{\"1\":\"slider\",\"2\":\"spektakle\",\"3\":\"wydarzenia\"},\"inLanguage\":\"pl-PL\"},{\"@type\":\"WebPage\",\"@id\":\"https:\\\/\\\/boto.art.pl\\\/index.php\\\/2026\\\/03\\\/12\\\/czytanie-sceny-antena-festiwal-between-pomiedzy-2026\\\/\",\"url\":\"https:\\\/\\\/boto.art.pl\\\/index.php\\\/2026\\\/03\\\/12\\\/czytanie-sceny-antena-festiwal-between-pomiedzy-2026\\\/\",\"name\":\"Czytanie Sceny: ,,Antena\\\" | Festiwal Between.Pomi\u0119dzy 2026 &#8212; Teatr Boto\",\"isPartOf\":{\"@id\":\"https:\\\/\\\/boto.art.pl\\\/#website\"},\"primaryImageOfPage\":{\"@id\":\"https:\\\/\\\/boto.art.pl\\\/index.php\\\/2026\\\/03\\\/12\\\/czytanie-sceny-antena-festiwal-between-pomiedzy-2026\\\/#primaryimage\"},\"image\":{\"@id\":\"https:\\\/\\\/boto.art.pl\\\/index.php\\\/2026\\\/03\\\/12\\\/czytanie-sceny-antena-festiwal-between-pomiedzy-2026\\\/#primaryimage\"},\"thumbnailUrl\":\"https:\\\/\\\/boto.art.pl\\\/wp-content\\\/uploads\\\/2026\\\/04\\\/Czytanie-sceny-antena.jpg\",\"datePublished\":\"2026-03-12T15:21:54+00:00\",\"dateModified\":\"2026-04-28T14:48:48+00:00\",\"breadcrumb\":{\"@id\":\"https:\\\/\\\/boto.art.pl\\\/index.php\\\/2026\\\/03\\\/12\\\/czytanie-sceny-antena-festiwal-between-pomiedzy-2026\\\/#breadcrumb\"},\"inLanguage\":\"pl-PL\",\"potentialAction\":[{\"@type\":\"ReadAction\",\"target\":[\"https:\\\/\\\/boto.art.pl\\\/index.php\\\/2026\\\/03\\\/12\\\/czytanie-sceny-antena-festiwal-between-pomiedzy-2026\\\/\"]}]},{\"@type\":\"ImageObject\",\"inLanguage\":\"pl-PL\",\"@id\":\"https:\\\/\\\/boto.art.pl\\\/index.php\\\/2026\\\/03\\\/12\\\/czytanie-sceny-antena-festiwal-between-pomiedzy-2026\\\/#primaryimage\",\"url\":\"https:\\\/\\\/boto.art.pl\\\/wp-content\\\/uploads\\\/2026\\\/04\\\/Czytanie-sceny-antena.jpg\",\"contentUrl\":\"https:\\\/\\\/boto.art.pl\\\/wp-content\\\/uploads\\\/2026\\\/04\\\/Czytanie-sceny-antena.jpg\",\"width\":2499,\"height\":1298},{\"@type\":\"BreadcrumbList\",\"@id\":\"https:\\\/\\\/boto.art.pl\\\/index.php\\\/2026\\\/03\\\/12\\\/czytanie-sceny-antena-festiwal-between-pomiedzy-2026\\\/#breadcrumb\",\"itemListElement\":[{\"@type\":\"ListItem\",\"position\":1,\"name\":\"Strona g\u0142\u00f3wna\",\"item\":\"https:\\\/\\\/boto.art.pl\\\/\"},{\"@type\":\"ListItem\",\"position\":2,\"name\":\"Czytanie Sceny: ,,Antena&#8221; | Festiwal Between.Pomi\u0119dzy 2026\"}]},{\"@type\":\"WebSite\",\"@id\":\"https:\\\/\\\/boto.art.pl\\\/#website\",\"url\":\"https:\\\/\\\/boto.art.pl\\\/\",\"name\":\"Teatr Boto\",\"description\":\"\",\"publisher\":{\"@id\":\"https:\\\/\\\/boto.art.pl\\\/#organization\"},\"potentialAction\":[{\"@type\":\"SearchAction\",\"target\":{\"@type\":\"EntryPoint\",\"urlTemplate\":\"https:\\\/\\\/boto.art.pl\\\/?s={search_term_string}\"},\"query-input\":{\"@type\":\"PropertyValueSpecification\",\"valueRequired\":true,\"valueName\":\"search_term_string\"}}],\"inLanguage\":\"pl-PL\"},{\"@type\":\"Organization\",\"@id\":\"https:\\\/\\\/boto.art.pl\\\/#organization\",\"name\":\"Teatr Boto\",\"url\":\"https:\\\/\\\/boto.art.pl\\\/\",\"logo\":{\"@type\":\"ImageObject\",\"inLanguage\":\"pl-PL\",\"@id\":\"https:\\\/\\\/boto.art.pl\\\/#\\\/schema\\\/logo\\\/image\\\/\",\"url\":\"https:\\\/\\\/boto.art.pl\\\/wp-content\\\/uploads\\\/2018\\\/03\\\/logotyp.svg\",\"contentUrl\":\"https:\\\/\\\/boto.art.pl\\\/wp-content\\\/uploads\\\/2018\\\/03\\\/logotyp.svg\",\"width\":1,\"height\":1,\"caption\":\"Teatr Boto\"},\"image\":{\"@id\":\"https:\\\/\\\/boto.art.pl\\\/#\\\/schema\\\/logo\\\/image\\\/\"},\"sameAs\":[\"https:\\\/\\\/www.facebook.com\\\/teatrboto\",\"https:\\\/\\\/www.instagram.com\\\/teatr_boto\\\/\"]},{\"@type\":\"Person\",\"@id\":\"https:\\\/\\\/boto.art.pl\\\/#\\\/schema\\\/person\\\/32351b82314d51e0d0b8554bf8f95b4d\",\"name\":\"Boto\",\"image\":{\"@type\":\"ImageObject\",\"inLanguage\":\"pl-PL\",\"@id\":\"https:\\\/\\\/secure.gravatar.com\\\/avatar\\\/288f0389e19ee4a77a3bc15d367dc6c3aa38ec351ab562f6ebe60fbcdacabbef?s=96&d=mm&r=g\",\"url\":\"https:\\\/\\\/secure.gravatar.com\\\/avatar\\\/288f0389e19ee4a77a3bc15d367dc6c3aa38ec351ab562f6ebe60fbcdacabbef?s=96&d=mm&r=g\",\"contentUrl\":\"https:\\\/\\\/secure.gravatar.com\\\/avatar\\\/288f0389e19ee4a77a3bc15d367dc6c3aa38ec351ab562f6ebe60fbcdacabbef?s=96&d=mm&r=g\",\"caption\":\"Boto\"},\"url\":\"https:\\\/\\\/boto.art.pl\\\/index.php\\\/author\\\/boto\\\/\"}]}<\/script>\n<!-- \/ Yoast SEO plugin. -->","yoast_head_json":{"title":"Czytanie Sceny: ,,Antena\" | Festiwal Between.Pomi\u0119dzy 2026 &#8212; Teatr Boto","robots":{"index":"index","follow":"follow","max-snippet":"max-snippet:-1","max-image-preview":"max-image-preview:large","max-video-preview":"max-video-preview:-1"},"canonical":"https:\/\/boto.art.pl\/index.php\/2026\/03\/12\/czytanie-sceny-antena-festiwal-between-pomiedzy-2026\/","og_locale":"pl_PL","og_type":"article","og_title":"Czytanie Sceny: ,,Antena\" | Festiwal Between.Pomi\u0119dzy 2026 &#8212; Teatr Boto","og_description":"12 maja, 20.00 \u201eAntena\u201d to spektakl inspirowany poezj\u0105 Serhija \u017badana, jednego z najwa\u017cniejszych wsp\u00f3\u0142czesnych tw\u00f3rc\u00f3w ukrai\u0144skich. W teatralnej adaptacji w re\u017cyserii Macieja Gorczy\u0144skiego poetycki j\u0119zyk autora zostaje przeniesiony na scen\u0119 pr\u00f3buj\u0105c uchwyci\u0107 emocje i napi\u0119cia wsp\u00f3\u0142czesno\u015bci. Opowiada o \u015bwiecie naznaczonym konfliktem, ale tak\u017ce o wra\u017cliwo\u015bci, pami\u0119ci i potrzebie wolno\u015bci.  Po spektaklu odb\u0119dzie si\u0119 rozmowa Ma\u0142gorzaty Wo\u017aniak z re\u017cyserem.  Wydarzenie w ramach Festiwalu Literatury i Teatru Between.Pomi\u0119dzy 2026.","og_url":"https:\/\/boto.art.pl\/index.php\/2026\/03\/12\/czytanie-sceny-antena-festiwal-between-pomiedzy-2026\/","og_site_name":"Teatr Boto","article_publisher":"https:\/\/www.facebook.com\/teatrboto","article_published_time":"2026-03-12T15:21:54+00:00","article_modified_time":"2026-04-28T14:48:48+00:00","og_image":[{"width":2499,"height":1298,"url":"https:\/\/boto.art.pl\/wp-content\/uploads\/2026\/04\/Czytanie-sceny-antena.jpg","type":"image\/jpeg"}],"author":"Boto","twitter_card":"summary_large_image","twitter_misc":{"Napisane przez":"Boto","Szacowany czas czytania":"4 minuty"},"schema":{"@context":"https:\/\/schema.org","@graph":[{"@type":"Article","@id":"https:\/\/boto.art.pl\/index.php\/2026\/03\/12\/czytanie-sceny-antena-festiwal-between-pomiedzy-2026\/#article","isPartOf":{"@id":"https:\/\/boto.art.pl\/index.php\/2026\/03\/12\/czytanie-sceny-antena-festiwal-between-pomiedzy-2026\/"},"author":{"name":"Boto","@id":"https:\/\/boto.art.pl\/#\/schema\/person\/32351b82314d51e0d0b8554bf8f95b4d"},"headline":"Czytanie Sceny: ,,Antena&#8221; | Festiwal Between.Pomi\u0119dzy 2026","datePublished":"2026-03-12T15:21:54+00:00","dateModified":"2026-04-28T14:48:48+00:00","mainEntityOfPage":{"@id":"https:\/\/boto.art.pl\/index.php\/2026\/03\/12\/czytanie-sceny-antena-festiwal-between-pomiedzy-2026\/"},"wordCount":987,"publisher":{"@id":"https:\/\/boto.art.pl\/#organization"},"image":{"@id":"https:\/\/boto.art.pl\/index.php\/2026\/03\/12\/czytanie-sceny-antena-festiwal-between-pomiedzy-2026\/#primaryimage"},"thumbnailUrl":"https:\/\/boto.art.pl\/wp-content\/uploads\/2026\/04\/Czytanie-sceny-antena.jpg","articleSection":{"1":"slider","2":"spektakle","3":"wydarzenia"},"inLanguage":"pl-PL"},{"@type":"WebPage","@id":"https:\/\/boto.art.pl\/index.php\/2026\/03\/12\/czytanie-sceny-antena-festiwal-between-pomiedzy-2026\/","url":"https:\/\/boto.art.pl\/index.php\/2026\/03\/12\/czytanie-sceny-antena-festiwal-between-pomiedzy-2026\/","name":"Czytanie Sceny: ,,Antena\" | Festiwal Between.Pomi\u0119dzy 2026 &#8212; Teatr Boto","isPartOf":{"@id":"https:\/\/boto.art.pl\/#website"},"primaryImageOfPage":{"@id":"https:\/\/boto.art.pl\/index.php\/2026\/03\/12\/czytanie-sceny-antena-festiwal-between-pomiedzy-2026\/#primaryimage"},"image":{"@id":"https:\/\/boto.art.pl\/index.php\/2026\/03\/12\/czytanie-sceny-antena-festiwal-between-pomiedzy-2026\/#primaryimage"},"thumbnailUrl":"https:\/\/boto.art.pl\/wp-content\/uploads\/2026\/04\/Czytanie-sceny-antena.jpg","datePublished":"2026-03-12T15:21:54+00:00","dateModified":"2026-04-28T14:48:48+00:00","breadcrumb":{"@id":"https:\/\/boto.art.pl\/index.php\/2026\/03\/12\/czytanie-sceny-antena-festiwal-between-pomiedzy-2026\/#breadcrumb"},"inLanguage":"pl-PL","potentialAction":[{"@type":"ReadAction","target":["https:\/\/boto.art.pl\/index.php\/2026\/03\/12\/czytanie-sceny-antena-festiwal-between-pomiedzy-2026\/"]}]},{"@type":"ImageObject","inLanguage":"pl-PL","@id":"https:\/\/boto.art.pl\/index.php\/2026\/03\/12\/czytanie-sceny-antena-festiwal-between-pomiedzy-2026\/#primaryimage","url":"https:\/\/boto.art.pl\/wp-content\/uploads\/2026\/04\/Czytanie-sceny-antena.jpg","contentUrl":"https:\/\/boto.art.pl\/wp-content\/uploads\/2026\/04\/Czytanie-sceny-antena.jpg","width":2499,"height":1298},{"@type":"BreadcrumbList","@id":"https:\/\/boto.art.pl\/index.php\/2026\/03\/12\/czytanie-sceny-antena-festiwal-between-pomiedzy-2026\/#breadcrumb","itemListElement":[{"@type":"ListItem","position":1,"name":"Strona g\u0142\u00f3wna","item":"https:\/\/boto.art.pl\/"},{"@type":"ListItem","position":2,"name":"Czytanie Sceny: ,,Antena&#8221; | Festiwal Between.Pomi\u0119dzy 2026"}]},{"@type":"WebSite","@id":"https:\/\/boto.art.pl\/#website","url":"https:\/\/boto.art.pl\/","name":"Teatr Boto","description":"","publisher":{"@id":"https:\/\/boto.art.pl\/#organization"},"potentialAction":[{"@type":"SearchAction","target":{"@type":"EntryPoint","urlTemplate":"https:\/\/boto.art.pl\/?s={search_term_string}"},"query-input":{"@type":"PropertyValueSpecification","valueRequired":true,"valueName":"search_term_string"}}],"inLanguage":"pl-PL"},{"@type":"Organization","@id":"https:\/\/boto.art.pl\/#organization","name":"Teatr Boto","url":"https:\/\/boto.art.pl\/","logo":{"@type":"ImageObject","inLanguage":"pl-PL","@id":"https:\/\/boto.art.pl\/#\/schema\/logo\/image\/","url":"https:\/\/boto.art.pl\/wp-content\/uploads\/2018\/03\/logotyp.svg","contentUrl":"https:\/\/boto.art.pl\/wp-content\/uploads\/2018\/03\/logotyp.svg","width":1,"height":1,"caption":"Teatr Boto"},"image":{"@id":"https:\/\/boto.art.pl\/#\/schema\/logo\/image\/"},"sameAs":["https:\/\/www.facebook.com\/teatrboto","https:\/\/www.instagram.com\/teatr_boto\/"]},{"@type":"Person","@id":"https:\/\/boto.art.pl\/#\/schema\/person\/32351b82314d51e0d0b8554bf8f95b4d","name":"Boto","image":{"@type":"ImageObject","inLanguage":"pl-PL","@id":"https:\/\/secure.gravatar.com\/avatar\/288f0389e19ee4a77a3bc15d367dc6c3aa38ec351ab562f6ebe60fbcdacabbef?s=96&d=mm&r=g","url":"https:\/\/secure.gravatar.com\/avatar\/288f0389e19ee4a77a3bc15d367dc6c3aa38ec351ab562f6ebe60fbcdacabbef?s=96&d=mm&r=g","contentUrl":"https:\/\/secure.gravatar.com\/avatar\/288f0389e19ee4a77a3bc15d367dc6c3aa38ec351ab562f6ebe60fbcdacabbef?s=96&d=mm&r=g","caption":"Boto"},"url":"https:\/\/boto.art.pl\/index.php\/author\/boto\/"}]}},"_links":{"self":[{"href":"https:\/\/boto.art.pl\/index.php\/wp-json\/wp\/v2\/posts\/72291","targetHints":{"allow":["GET"]}}],"collection":[{"href":"https:\/\/boto.art.pl\/index.php\/wp-json\/wp\/v2\/posts"}],"about":[{"href":"https:\/\/boto.art.pl\/index.php\/wp-json\/wp\/v2\/types\/post"}],"author":[{"embeddable":true,"href":"https:\/\/boto.art.pl\/index.php\/wp-json\/wp\/v2\/users\/2"}],"replies":[{"embeddable":true,"href":"https:\/\/boto.art.pl\/index.php\/wp-json\/wp\/v2\/comments?post=72291"}],"version-history":[{"count":3,"href":"https:\/\/boto.art.pl\/index.php\/wp-json\/wp\/v2\/posts\/72291\/revisions"}],"predecessor-version":[{"id":72296,"href":"https:\/\/boto.art.pl\/index.php\/wp-json\/wp\/v2\/posts\/72291\/revisions\/72296"}],"wp:featuredmedia":[{"embeddable":true,"href":"https:\/\/boto.art.pl\/index.php\/wp-json\/wp\/v2\/media\/72294"}],"wp:attachment":[{"href":"https:\/\/boto.art.pl\/index.php\/wp-json\/wp\/v2\/media?parent=72291"}],"wp:term":[{"taxonomy":"category","embeddable":true,"href":"https:\/\/boto.art.pl\/index.php\/wp-json\/wp\/v2\/categories?post=72291"},{"taxonomy":"post_tag","embeddable":true,"href":"https:\/\/boto.art.pl\/index.php\/wp-json\/wp\/v2\/tags?post=72291"}],"curies":[{"name":"wp","href":"https:\/\/api.w.org\/{rel}","templated":true}]}}